{"id":16933,"__str__":"Requerimento n\u00ba 12 de 2022","link_detail_backend":"/materia/16933","metadata":{},"numero":12,"ano":2022,"numero_protocolo":0,"data_apresentacao":"2022-02-08","tipo_apresentacao":"E","data_publicacao":null,"numero_origem_externa":"12","ano_origem_externa":2022,"data_origem_externa":"2022-02-08","apelido":"","dias_prazo":null,"data_fim_prazo":null,"em_tramitacao":false,"polemica":false,"objeto":"","complementar":false,"ementa":"Seja agendado F\u00d3RUM COMUNIT\u00c1RIO com o tema \"Gest\u00e3o Energ\u00e9tica em Arax\u00e1 - Inova\u00e7\u00e3o e Sustentabilidade\", para a primeira data dispon\u00edvel do presente ano legislativo.","indexacao":"Seja agendado F\u00d3RUM COMUNIT\u00c1RIO com o tema \"Gest\u00e3o Energ\u00e9tica em Arax\u00e1 - Inova\u00e7\u00e3o e Sustentabilidade\", para a primeira data dispon\u00edvel do presente ano legislativo.","observacao":"Encaminhado para Walqu\u00edria.\r\nAprovado por 14 x 0.","resultado":"","texto_original":null,"data_ultima_atualizacao":"2022-02-10T12:57:21.943266-03:00","ip":"167.249.148.73","ultima_edicao":"2022-02-10T12:54:15.080338-03:00","tipo":3,"regime_tramitacao":1,"tipo_origem_externa":3,"local_origem_externa":4,"user":60,"anexadas":[],"autores":[122]}