{"id":17046,"__str__":"Indica\u00e7\u00e3o n\u00ba 103 de 2022","link_detail_backend":"/materia/17046","metadata":{},"numero":103,"ano":2022,"numero_protocolo":0,"data_apresentacao":"2022-02-22","tipo_apresentacao":"E","data_publicacao":null,"numero_origem_externa":"103","ano_origem_externa":2022,"data_origem_externa":"2022-02-22","apelido":"","dias_prazo":null,"data_fim_prazo":null,"em_tramitacao":false,"polemica":false,"objeto":"","complementar":false,"ementa":"Seja encaminhado ao Senhor Sebasti\u00e3o Donizete Souza, Secret\u00e1rio de Obras, o seguinte pedido de provid\u00eancias: - Que estude a possibilidade de instalar uma passarela elevada com faixa de pedestre na Av. Jo\u00e3o Paulo II, entre a entrada e sa\u00edda da UPA - Unidade de Pronto Atendimento.","indexacao":"Seja encaminhado ao Senhor Sebasti\u00e3o Donizete Souza, Secret\u00e1rio de Obras, o seguinte pedido de provid\u00eancias: - Que estude a possibilidade de instalar uma passarela elevada com faixa de pedestre na Av. Jo\u00e3o Paulo II, entre a entrada e sa\u00edda da UPA - Unidade de Pronto Atendimento.","observacao":"Of\u00edcio n\u00ba 022/2022.\r\nAprovado por 12 x 0.","resultado":"","texto_original":null,"data_ultima_atualizacao":"2022-02-24T15:11:42.249820-03:00","ip":"167.249.148.73","ultima_edicao":"2022-02-24T15:09:03.031508-03:00","tipo":8,"regime_tramitacao":1,"tipo_origem_externa":8,"local_origem_externa":4,"user":60,"anexadas":[],"autores":[120]}