{"id":17131,"__str__":"Indica\u00e7\u00e3o n\u00ba 148 de 2022","link_detail_backend":"/materia/17131","metadata":{},"numero":148,"ano":2022,"numero_protocolo":0,"data_apresentacao":"2022-03-15","tipo_apresentacao":"E","data_publicacao":null,"numero_origem_externa":"148","ano_origem_externa":2022,"data_origem_externa":"2022-03-15","apelido":"","dias_prazo":null,"data_fim_prazo":null,"em_tramitacao":false,"polemica":false,"objeto":"","complementar":false,"ementa":"Seja encaminhada indica\u00e7\u00e3o ao Excelent\u00edssimo Sr. Prefeito Municipal de Arax\u00e1/MG, Rubens Magela da Silva e \u00e0 Sra. Secret\u00e1ria de Sa\u00fade, Lorena de Pinho Magalh\u00e3es, para que seja estudada a disponibiliza\u00e7\u00e3o de fraldas geri\u00e1tricas pela secretaria t\u00e9cnica.","indexacao":"Seja encaminhada indica\u00e7\u00e3o ao Excelent\u00edssimo Sr. Prefeito Municipal de Arax\u00e1/MG, Rubens Magela da Silva e \u00e0 Sra. Secret\u00e1ria de Sa\u00fade, Lorena de Pinho Magalh\u00e3es, para que seja estudada a disponibiliza\u00e7\u00e3o de fraldas geri\u00e1tricas pela secretaria t\u00e9cnica.","observacao":"Of\u00edcio n\u00ba 043/2022.\r\nAprovado por 14 x 0.","resultado":"","texto_original":null,"data_ultima_atualizacao":"2022-03-16T15:00:08.240050-03:00","ip":"167.249.148.73","ultima_edicao":"2022-03-16T14:56:58.880979-03:00","tipo":8,"regime_tramitacao":1,"tipo_origem_externa":8,"local_origem_externa":4,"user":60,"anexadas":[],"autores":[118]}