{"id":17227,"__str__":"Indica\u00e7\u00e3o n\u00ba 192 de 2022","link_detail_backend":"/materia/17227","metadata":{},"numero":192,"ano":2022,"numero_protocolo":0,"data_apresentacao":"2022-04-05","tipo_apresentacao":"E","data_publicacao":null,"numero_origem_externa":"192","ano_origem_externa":2022,"data_origem_externa":"2022-04-05","apelido":"","dias_prazo":null,"data_fim_prazo":null,"em_tramitacao":false,"polemica":false,"objeto":"","complementar":false,"ementa":"Seja encaminhado ao Senhor Secret\u00e1rio de Obras \u00c2ngelo Fran\u00e7a Santos, o seguinte pedido de provid\u00eancia: - Que seja realizado um estudo para implanta\u00e7\u00e3o de cal\u00e7ada de concreto no canteiro central e que fa\u00e7a passagem com acessibilidade para cadeirante da Av. Vereador Jo\u00e3o Sena, no trecho da Igreja de S\u00e3o Sebasti\u00e3o at\u00e9 a portaria da empresa Gontijo.","indexacao":"Seja encaminhado ao Senhor Secret\u00e1rio de Obras \u00c2ngelo Fran\u00e7a Santos, o seguinte pedido de provid\u00eancia: - Que seja realizado um estudo para implanta\u00e7\u00e3o de cal\u00e7ada de concreto no canteiro central e que fa\u00e7a passagem com acessibilidade para cadeirante da Av. Vereador Jo\u00e3o Sena, no trecho da Igreja de S\u00e3o Sebasti\u00e3o at\u00e9 a portaria da empresa Gontijo.","observacao":"Of\u00edcio n\u00ba 069/2022.\r\nAprovado por 14 x 0.","resultado":"","texto_original":null,"data_ultima_atualizacao":"2022-04-07T14:59:46.173834-03:00","ip":"167.249.149.150","ultima_edicao":"2022-04-07T14:59:46.107743-03:00","tipo":8,"regime_tramitacao":1,"tipo_origem_externa":8,"local_origem_externa":4,"user":60,"anexadas":[],"autores":[119]}