{"id":17241,"__str__":"Indica\u00e7\u00e3o n\u00ba 244 de 2022","link_detail_backend":"/materia/17241","metadata":{},"numero":244,"ano":2022,"numero_protocolo":0,"data_apresentacao":"2022-04-05","tipo_apresentacao":"E","data_publicacao":null,"numero_origem_externa":"244","ano_origem_externa":2022,"data_origem_externa":"2022-04-05","apelido":"","dias_prazo":null,"data_fim_prazo":null,"em_tramitacao":false,"polemica":false,"objeto":"","complementar":false,"ementa":"Seja indicado ao Excelent\u00edssimo Sr. Prefeito Municipal de Arax\u00e1/MG, Rubens Magela da Silva e \u00e0 Sra. Cristiane Pereira Gon\u00e7alves, Secret\u00e1ria Municipal de Sa\u00fade, para que viabilizem a interna\u00e7\u00e3o de longa perman\u00eancia para o tratamento paliativo de c\u00e2ncer.","indexacao":"Seja indicado ao Excelent\u00edssimo Sr. Prefeito Municipal de Arax\u00e1/MG, Rubens Magela da Silva e \u00e0 Sra. Cristiane Pereira Gon\u00e7alves, Secret\u00e1ria Municipal de Sa\u00fade, para que viabilizem a interna\u00e7\u00e3o de longa perman\u00eancia para o tratamento paliativo de c\u00e2ncer.","observacao":"Of\u00edcio n\u00ba 069/2022.\r\nAprovado por 14 x 0.","resultado":"","texto_original":null,"data_ultima_atualizacao":"2022-04-07T14:03:08.713724-03:00","ip":"167.249.149.150","ultima_edicao":"2022-04-07T14:00:07.814703-03:00","tipo":8,"regime_tramitacao":1,"tipo_origem_externa":8,"local_origem_externa":4,"user":60,"anexadas":[],"autores":[117]}