{"id":17660,"__str__":"Mo\u00e7\u00e3o n\u00ba 593 de 2022","link_detail_backend":"/materia/17660","metadata":{},"numero":593,"ano":2022,"numero_protocolo":null,"data_apresentacao":"2022-06-28","tipo_apresentacao":"E","data_publicacao":null,"numero_origem_externa":"","ano_origem_externa":null,"data_origem_externa":null,"apelido":"","dias_prazo":null,"data_fim_prazo":null,"em_tramitacao":false,"polemica":false,"objeto":"","complementar":false,"ementa":"A Vereadora que abaixo assina requer que, depois de ouvido o Plen\u00e1rio seja encaminhada MO\u00c7\u00c3O DE CONGRATULA\u00c7\u00d5ES \u00e0 Sra. IDELMA APARECIDA CRISPIM, parabenizando-a pela autoria e execu\u00e7\u00e3o do PROJETO AMBIENTAL \"LIXO CONSCIENTE, QUE PROTEGE O MEIO AMBIENTE \" , DESENVOLVIDO NA ESCOLA MUNICIPAL DONA GABRIELA.","indexacao":"A Vereadora que abaixo assina requer que, depois de ouvido o Plen\u00e1rio seja encaminhada MO\u00c7\u00c3O DE CONGRATULA\u00c7\u00d5ES \u00e0 Sra. IDELMA APARECIDA CRISPIM, parabenizando-a pela autoria e execu\u00e7\u00e3o do PROJETO AMBIENTAL \"LIXO CONSCIENTE, QUE PROTEGE O MEIO AMBIENTE \" , DESENVOLVIDO NA ESCOLA MUNICIPAL DONA GABRIELA.","observacao":"Of\u00edcio n\u00ba 168/2022\r\nAprovado por 12X0","resultado":"","texto_original":null,"data_ultima_atualizacao":"2022-06-29T14:19:49.639212-03:00","ip":"167.249.151.185","ultima_edicao":"2022-06-29T14:13:38.288538-03:00","tipo":7,"regime_tramitacao":1,"tipo_origem_externa":null,"local_origem_externa":null,"user":60,"anexadas":[],"autores":[116]}