{"id":17977,"__str__":"Indica\u00e7\u00e3o n\u00ba 844 de 2022","link_detail_backend":"/materia/17977","metadata":{},"numero":844,"ano":2022,"numero_protocolo":null,"data_apresentacao":"2022-08-30","tipo_apresentacao":"E","data_publicacao":null,"numero_origem_externa":"","ano_origem_externa":null,"data_origem_externa":null,"apelido":"","dias_prazo":null,"data_fim_prazo":null,"em_tramitacao":false,"polemica":false,"objeto":"","complementar":false,"ementa":"O vereador que este subscreve, requer que ap\u00f3s cumpridas as formalidades regimentais, seja encaminhado ao Sr. Robson Magela da Silva, Prefeito Municipal de Arax\u00e1, e a Sra. Zulma Moreira da Silva, Secret\u00e1rio Municipal de Educa\u00e7\u00e3o, a seguinte indica\u00e7\u00e3o:\r\n\r\nA Viabiliza\u00e7\u00e3o junto ao Governo do Estado, de uma Nova Escola Estadual para alunos do ensino m\u00e9dico, nas imedia\u00e7\u00f5es dos bairros P\u00e3o de A\u00e7\u00facar tendo como sugest\u00e3o o espa\u00e7o municipal vago entre a Av. Sara Veras Matarim, Rua Jo\u00e3o Augusto de \u00c1vila e Rua Neila Marques de \u00c1vila, localizadas no bairro P\u00e3o de A\u00e7\u00facar III.","indexacao":"O vereador que este subscreve, requer que ap\u00f3s cumpridas as formalidades regimentais, seja encaminhado ao Sr. Robson Magela da Silva, Prefeito Municipal de Arax\u00e1, e a Sra. Zulma Moreira da Silva, Secret\u00e1rio Municipal de Educa\u00e7\u00e3o, a seguinte indica\u00e7\u00e3o:\r\n\r\nA Viabiliza\u00e7\u00e3o junto ao Governo do Estado, de uma Nova Escola Estadual para alunos do ensino m\u00e9dico, nas imedia\u00e7\u00f5es dos bairros P\u00e3o de A\u00e7\u00facar tendo como sugest\u00e3o o espa\u00e7o municipal vago entre a Av. Sara Veras Matarim, Rua Jo\u00e3o Augusto de \u00c1vila e Rua Neila Marques de \u00c1vila, localizadas no bairro P\u00e3o de A\u00e7\u00facar III.","observacao":"Of\u00edcio n\u00ba 227/2022\r\nAprovado por 10X0","resultado":"","texto_original":null,"data_ultima_atualizacao":"2022-08-31T15:40:06.203439-03:00","ip":"167.249.151.185","ultima_edicao":"2022-08-31T15:00:43.833062-03:00","tipo":8,"regime_tramitacao":1,"tipo_origem_externa":null,"local_origem_externa":null,"user":60,"anexadas":[],"autores":[115]}