{"id":18000,"__str__":"Requerimento n\u00ba 793 de 2022","link_detail_backend":"/materia/18000","metadata":{},"numero":793,"ano":2022,"numero_protocolo":0,"data_apresentacao":"2022-09-06","tipo_apresentacao":"E","data_publicacao":null,"numero_origem_externa":"793","ano_origem_externa":2022,"data_origem_externa":"2022-09-06","apelido":"","dias_prazo":null,"data_fim_prazo":null,"em_tramitacao":false,"polemica":false,"objeto":"","complementar":false,"ementa":"Seja encaminhado of\u00edcio ao Excelent\u00edssimo Prefeito Municipal, Senhor Rubens Magela da Silva e ao Procurador do Munic\u00edpio, Senhor Jonathan Renaud, solicitando informa\u00e7\u00f5es sobre o credenciamento do plano de sa\u00fade dos servidores municipais.","indexacao":"Seja encaminhado of\u00edcio ao Excelent\u00edssimo Prefeito Municipal, Senhor Rubens Magela da Silva e ao Procurador do Munic\u00edpio, Senhor Jonathan Renaud, solicitando informa\u00e7\u00f5es sobre o credenciamento do plano de sa\u00fade dos servidores municipais.","observacao":"Of\u00edcio n\u00ba 231/2022.\r\nAprovado por 11 x 0.","resultado":"","texto_original":null,"data_ultima_atualizacao":"2022-09-09T14:06:55.927092-03:00","ip":"167.249.151.185","ultima_edicao":"2022-09-09T14:03:37.185854-03:00","tipo":3,"regime_tramitacao":1,"tipo_origem_externa":3,"local_origem_externa":4,"user":60,"anexadas":[],"autores":[116]}