{"id":18022,"__str__":"Mo\u00e7\u00e3o n\u00ba 885 de 2022","link_detail_backend":"/materia/18022","metadata":{},"numero":885,"ano":2022,"numero_protocolo":0,"data_apresentacao":"2022-09-13","tipo_apresentacao":"E","data_publicacao":null,"numero_origem_externa":"885","ano_origem_externa":2022,"data_origem_externa":"2022-09-13","apelido":"","dias_prazo":null,"data_fim_prazo":null,"em_tramitacao":false,"polemica":false,"objeto":"","complementar":false,"ementa":"Seja encaminhada MO\u00c7\u00c3O DE RECONHECIMENTO E APLAUSOS a ANA CRISTINA DO NASCIMENTO E SILVA e GUILHERME AUGUSTO ROSA, pelas apresenta\u00e7\u00f5es musicais na semana da P\u00e1tria.","indexacao":"Seja encaminhada MO\u00c7\u00c3O DE RECONHECIMENTO E APLAUSOS a ANA CRISTINA DO NASCIMENTO E SILVA e GUILHERME AUGUSTO ROSA, pelas apresenta\u00e7\u00f5es musicais na semana da P\u00e1tria.","observacao":"Of\u00edcio n\u00ba 235/2022.\r\nAprovado por 10 x 0.\r\nOutro signat\u00e1rio Raphael Rios.","resultado":"","texto_original":null,"data_ultima_atualizacao":"2022-09-14T14:53:50.984371-03:00","ip":"167.249.151.185","ultima_edicao":"2022-09-14T14:53:50.917847-03:00","tipo":7,"regime_tramitacao":1,"tipo_origem_externa":7,"local_origem_externa":4,"user":60,"anexadas":[],"autores":[114]}