{"id":18226,"__str__":"Indica\u00e7\u00e3o n\u00ba 1126 de 2022","link_detail_backend":"/materia/18226","metadata":{},"numero":1126,"ano":2022,"numero_protocolo":0,"data_apresentacao":"2022-11-17","tipo_apresentacao":"E","data_publicacao":null,"numero_origem_externa":"1126","ano_origem_externa":2022,"data_origem_externa":"2022-11-17","apelido":"","dias_prazo":null,"data_fim_prazo":null,"em_tramitacao":false,"polemica":false,"objeto":"","complementar":false,"ementa":"Encaminha indica\u00e7\u00e3o ao Prefeito Municipal de Arax\u00e1/MG, Senhor Rubens Magela da Silva e \u00e0 Secret\u00e1ria de Educa\u00e7\u00e3o, Senhora Zulma Moreira, solicitando a implanta\u00e7\u00e3o da obrigatoriedade da presen\u00e7a de monitores nas vans e kombis do transporte escolar rural, para acompanhamento dos alunos durante o percurso de ida e volta das escolas.","indexacao":"Encaminha indica\u00e7\u00e3o ao Prefeito Municipal de Arax\u00e1/MG, Senhor Rubens Magela da Silva e \u00e0 Secret\u00e1ria de Educa\u00e7\u00e3o, Senhora Zulma Moreira, solicitando a implanta\u00e7\u00e3o da obrigatoriedade da presen\u00e7a de monitores nas vans e kombis do transporte escolar rural, para acompanhamento dos alunos durante o percurso de ida e volta das escolas.","observacao":"Of\u00edcio n\u00ba 303/2022.\r\nAprovado por 12 x 0.","resultado":"","texto_original":null,"data_ultima_atualizacao":"2022-11-21T15:28:19.477008-03:00","ip":"170.238.62.188","ultima_edicao":"2022-11-21T15:23:22.403379-03:00","tipo":8,"regime_tramitacao":1,"tipo_origem_externa":8,"local_origem_externa":4,"user":60,"anexadas":[],"autores":[91]}