{"id":18282,"__str__":"Mo\u00e7\u00e3o n\u00ba 1022 de 2022","link_detail_backend":"/materia/18282","metadata":{},"numero":1022,"ano":2022,"numero_protocolo":null,"data_apresentacao":"2022-10-25","tipo_apresentacao":"E","data_publicacao":null,"numero_origem_externa":"","ano_origem_externa":null,"data_origem_externa":null,"apelido":"","dias_prazo":null,"data_fim_prazo":null,"em_tramitacao":false,"polemica":false,"objeto":"","complementar":false,"ementa":"O Vereador que a este subscreve, REQUER de Vossa Excel\u00eancia que, uma vez cumpridas as normas regimentais desta Casa Legislativa, seja encaminhada MO\u00c7\u00c3O DE CONGRATUAL\u00c7OES para:\r\n\r\n- A Inspetoria S\u00e3o Jo\u00e3o Bosco, dos Salesianos pelos 75 anos de atua\u00e7\u00e3o na promo\u00e7\u00e3o de jovens em situa\u00e7\u00e3o de vulnerabilidade social, atrav\u00e9s de miss\u00e3o espiritual, familiar, social e educativa.","indexacao":"O Vereador que a este subscreve, REQUER de Vossa Excel\u00eancia que, uma vez cumpridas as normas regimentais desta Casa Legislativa, seja encaminhada MO\u00c7\u00c3O DE CONGRATUAL\u00c7OES para:\r\n\r\n- A Inspetoria S\u00e3o Jo\u00e3o Bosco, dos Salesianos pelos 75 anos de atua\u00e7\u00e3o na promo\u00e7\u00e3o de jovens em situa\u00e7\u00e3o de vulnerabilidade social, atrav\u00e9s de miss\u00e3o espiritual, familiar, social e educativa.","observacao":"Of\u00edcio n\u00ba 276/2022\r\nAprovado por 12X0","resultado":"","texto_original":null,"data_ultima_atualizacao":"2022-11-23T14:56:33.039211-03:00","ip":"170.238.62.188","ultima_edicao":"2022-11-23T14:47:56.590004-03:00","tipo":7,"regime_tramitacao":1,"tipo_origem_externa":null,"local_origem_externa":null,"user":60,"anexadas":[],"autores":[122]}