{"id":18422,"__str__":"Projeto de Lei Ordin\u00e1ria n\u00ba 7 de 2023","link_detail_backend":"/materia/18422","metadata":{},"numero":7,"ano":2023,"numero_protocolo":null,"data_apresentacao":"2023-02-14","tipo_apresentacao":"E","data_publicacao":null,"numero_origem_externa":"7","ano_origem_externa":2023,"data_origem_externa":"2023-02-14","apelido":"","dias_prazo":null,"data_fim_prazo":null,"em_tramitacao":false,"polemica":false,"objeto":"","complementar":false,"ementa":"\"Disp\u00f5e sobre o Plano de Carreira, Remunera\u00e7\u00e3o e Valoriza\u00e7\u00e3o dos Profissionais da Educa\u00e7\u00e3o do Munic\u00edpio de Arax\u00e1 \u2013 MG.\"","indexacao":"\"Disp\u00f5e sobre o Plano de Carreira, Remunera\u00e7\u00e3o e Valoriza\u00e7\u00e3o dos Profissionais da Educa\u00e7\u00e3o do Munic\u00edpio de Arax\u00e1 \u2013 MG.\"","observacao":"","resultado":"","texto_original":"http://sapl.araxa.mg.leg.br/media/sapl/public/materialegislativa/2023/18422/pl_no_07.doc","data_ultima_atualizacao":"2023-06-14T14:37:21.465363-03:00","ip":"170.238.61.212","ultima_edicao":"2023-02-09T16:17:49.175883-03:00","tipo":1,"regime_tramitacao":1,"tipo_origem_externa":1,"local_origem_externa":4,"user":55,"anexadas":[],"autores":[123]}