{"id":18562,"__str__":"Mo\u00e7\u00e3o n\u00ba 153 de 2023","link_detail_backend":"/materia/18562","metadata":{},"numero":153,"ano":2023,"numero_protocolo":0,"data_apresentacao":"2023-03-21","tipo_apresentacao":"E","data_publicacao":null,"numero_origem_externa":"153","ano_origem_externa":2023,"data_origem_externa":"2023-03-21","apelido":"","dias_prazo":null,"data_fim_prazo":null,"em_tramitacao":false,"polemica":false,"objeto":"","complementar":false,"ementa":"Seja encaminhada MO\u00c7\u00c3O DE CONGRATULA\u00c7\u00d5ES para a ASSINDA - Associa\u00e7\u00e3o das Pessoas com S\u00edndrome de Down de Arax\u00e1/MG, pelo inovador e nobre trabalho em prol da defesa dos direitos, e em virtude das a\u00e7\u00f5es de impacto positivo com vistas ao bem-estar das pessoas com S\u00edndrome de Down de Arax\u00e1/MG, bem como suas fam\u00edlias e amigos.","indexacao":"Seja encaminhada MO\u00c7\u00c3O DE CONGRATULA\u00c7\u00d5ES para a ASSINDA - Associa\u00e7\u00e3o das Pessoas com S\u00edndrome de Down de Arax\u00e1/MG, pelo inovador e nobre trabalho em prol da defesa dos direitos, e em virtude das a\u00e7\u00f5es de impacto positivo com vistas ao bem-estar das pessoas com S\u00edndrome de Down de Arax\u00e1/MG, bem como suas fam\u00edlias e amigos.","observacao":"Of\u00edcio n\u00ba 041/2023.\r\nAprovado por 14 x 0.","resultado":"","texto_original":null,"data_ultima_atualizacao":"2023-03-22T14:39:22.344774-03:00","ip":"167.249.150.178","ultima_edicao":"2023-03-22T14:33:43.946183-03:00","tipo":7,"regime_tramitacao":1,"tipo_origem_externa":7,"local_origem_externa":4,"user":60,"anexadas":[],"autores":[122]}