{"id":18672,"__str__":"Mo\u00e7\u00e3o n\u00ba 211 de 2023","link_detail_backend":"/materia/18672","metadata":{},"numero":211,"ano":2023,"numero_protocolo":null,"data_apresentacao":"2023-04-11","tipo_apresentacao":"E","data_publicacao":null,"numero_origem_externa":"","ano_origem_externa":null,"data_origem_externa":null,"apelido":"","dias_prazo":null,"data_fim_prazo":null,"em_tramitacao":false,"polemica":false,"objeto":"","complementar":false,"ementa":"A Vereadora que abaixo assina requer que, ap\u00f3s ouvido o Plen\u00e1rio seja encaminhado a fam\u00edlia da Sra. GASPARINA ELVIRA DE SOUZA- D. LINA, Mo\u00e7\u00e3o de Pesar pelo seu falecimento ocorrido em 21 de mar\u00e7o de 2023.","indexacao":"A Vereadora que abaixo assina requer que, ap\u00f3s ouvido o Plen\u00e1rio seja encaminhado a fam\u00edlia da Sra. GASPARINA ELVIRA DE SOUZA- D. LINA, Mo\u00e7\u00e3o de Pesar pelo seu falecimento ocorrido em 21 de mar\u00e7o de 2023.","observacao":"Of\u00edcio n\u00ba 70/2023\r\nAprovado por 14X0\r\nVereadores Signat\u00e1rios: Valtinho, Luiz Carlos, Jo\u00e3o Veras, Dirley , Pastor Moacir, Wellington, Raphael Rios, Alexandre, Fernanda, Jairinho, Evaldo, Bosco J\u00fanior, Zidane.","resultado":"","texto_original":null,"data_ultima_atualizacao":"2023-04-12T16:59:08.813669-03:00","ip":"167.249.150.178","ultima_edicao":"2023-04-12T16:38:53.450768-03:00","tipo":7,"regime_tramitacao":1,"tipo_origem_externa":null,"local_origem_externa":null,"user":60,"anexadas":[],"autores":[116]}