{"id":18767,"__str__":"Indica\u00e7\u00e3o n\u00ba 326 de 2023","link_detail_backend":"/materia/18767","metadata":{},"numero":326,"ano":2023,"numero_protocolo":0,"data_apresentacao":"2023-05-03","tipo_apresentacao":"E","data_publicacao":null,"numero_origem_externa":"326","ano_origem_externa":2023,"data_origem_externa":"2023-05-03","apelido":"","dias_prazo":null,"data_fim_prazo":null,"em_tramitacao":false,"polemica":false,"objeto":"","complementar":false,"ementa":"Seja encaminhado ao Sr. \u00c2ngelo Fran\u00e7a, Secret\u00e1rio Municipal de Obras P\u00fablicas, of\u00edcio contendo a seguinte indica\u00e7\u00e3o:- O recapeamento asf\u00e1ltico nas ruas do bairros Amazonas e Jo\u00e3o Bosco Teixeira, principalmente as ruas Arminda Fernandes Gerv\u00e1sio, Paulo C\u00e9sar de \u00c1vila e rua das Maritacas.","indexacao":"Seja encaminhado ao Sr. \u00c2ngelo Fran\u00e7a, Secret\u00e1rio Municipal de Obras P\u00fablicas, of\u00edcio contendo a seguinte indica\u00e7\u00e3o:- O recapeamento asf\u00e1ltico nas ruas do bairros Amazonas e Jo\u00e3o Bosco Teixeira, principalmente as ruas Arminda Fernandes Gerv\u00e1sio, Paulo C\u00e9sar de \u00c1vila e rua das Maritacas.","observacao":"Of\u00edcio n\u00ba 093/2023.\r\nAprovado por 10 x 0.","resultado":"","texto_original":null,"data_ultima_atualizacao":"2023-05-05T14:00:15.411657-03:00","ip":"131.100.189.132","ultima_edicao":"2023-05-05T13:52:07.651103-03:00","tipo":8,"regime_tramitacao":1,"tipo_origem_externa":8,"local_origem_externa":4,"user":60,"anexadas":[],"autores":[115]}