{"id":18847,"__str__":"Mo\u00e7\u00e3o n\u00ba 344 de 2023","link_detail_backend":"/materia/18847","metadata":{},"numero":344,"ano":2023,"numero_protocolo":null,"data_apresentacao":"2023-05-23","tipo_apresentacao":"E","data_publicacao":null,"numero_origem_externa":"","ano_origem_externa":null,"data_origem_externa":null,"apelido":"","dias_prazo":null,"data_fim_prazo":null,"em_tramitacao":false,"polemica":false,"objeto":"","complementar":false,"ementa":"A Vereadora que abaixo assina requer que, depois de ouvido o Plen\u00e1rio, seja encaminhado MO\u00c7\u00c3O DE CONGRATULA\u00c7\u00c3O E APLAUSOS A IRM\u00c1 MAGALY STOPPA, em comemora\u00e7\u00e3o ao dia das m\u00e3es pelo seu exemplar trabalho desenvolvido em prol das m\u00e3es de meninas de Arax\u00e1 atrav\u00e9s do atendimento ao contraturno  \u00e0s estudantes das escolas da  Secretaria de Educa\u00e7\u00e3o de Arax\u00e1 que dependem de escola em tempo integral.","indexacao":"A Vereadora que abaixo assina requer que, depois de ouvido o Plen\u00e1rio, seja encaminhado MO\u00c7\u00c3O DE CONGRATULA\u00c7\u00c3O E APLAUSOS A IRM\u00c1 MAGALY STOPPA, em comemora\u00e7\u00e3o ao dia das m\u00e3es pelo seu exemplar trabalho desenvolvido em prol das m\u00e3es de meninas de Arax\u00e1 atrav\u00e9s do atendimento ao contraturno  \u00e0s estudantes das escolas da  Secretaria de Educa\u00e7\u00e3o de Arax\u00e1 que dependem de escola em tempo integral.","observacao":"Of\u00edcio n\u00ba 106/2023\r\nAprovado por 13X0\r\nVereadores signat\u00e1rios: Luiz Carlos, Pastor Moacir, Raphael Rios, Fernanda Castelha, Jo\u00e3o Veras, Dr. Zidane, Valtinho da farm\u00e1cia.","resultado":"","texto_original":null,"data_ultima_atualizacao":"2023-05-31T13:34:01.075888-03:00","ip":"167.249.150.178","ultima_edicao":"2023-05-31T13:34:00.992229-03:00","tipo":7,"regime_tramitacao":1,"tipo_origem_externa":null,"local_origem_externa":null,"user":60,"anexadas":[],"autores":[116]}