{"id":18848,"__str__":"Mo\u00e7\u00e3o n\u00ba 351 de 2023","link_detail_backend":"/materia/18848","metadata":{},"numero":351,"ano":2023,"numero_protocolo":null,"data_apresentacao":"2023-05-23","tipo_apresentacao":"E","data_publicacao":null,"numero_origem_externa":"","ano_origem_externa":null,"data_origem_externa":null,"apelido":"","dias_prazo":null,"data_fim_prazo":null,"em_tramitacao":false,"polemica":false,"objeto":"","complementar":false,"ementa":"O Vereador que abaixo subscreve, requer ap\u00f3s ouvido o Plen\u00e1rio, seja encaminhado MO\u00c7\u00c3O DE CONGRATULA\u00c7\u00c3O E RECONHECIMENTO, ao Organizador do EVENTO IMBIARA SHOPCAR Sr. Walter J\u00fanior.","indexacao":"O Vereador que abaixo subscreve, requer ap\u00f3s ouvido o Plen\u00e1rio, seja encaminhado MO\u00c7\u00c3O DE CONGRATULA\u00c7\u00c3O E RECONHECIMENTO, ao Organizador do EVENTO IMBIARA SHOPCAR Sr. Walter J\u00fanior.","observacao":"Of\u00edcio n\u00ba 107/2023\r\nAprovado por 13X0","resultado":"","texto_original":null,"data_ultima_atualizacao":"2023-05-29T15:25:20.587068-03:00","ip":"167.249.150.178","ultima_edicao":"2023-05-29T15:20:15.265985-03:00","tipo":7,"regime_tramitacao":1,"tipo_origem_externa":null,"local_origem_externa":null,"user":60,"anexadas":[],"autores":[119]}