{"id":18949,"__str__":"Mo\u00e7\u00e3o n\u00ba 462 de 2023","link_detail_backend":"/materia/18949","metadata":{},"numero":462,"ano":2023,"numero_protocolo":null,"data_apresentacao":"2023-06-13","tipo_apresentacao":"E","data_publicacao":null,"numero_origem_externa":"","ano_origem_externa":null,"data_origem_externa":null,"apelido":"","dias_prazo":null,"data_fim_prazo":null,"em_tramitacao":false,"polemica":false,"objeto":"","complementar":false,"ementa":"O Vereador que a este subscreve, requer ao presidente da C\u00e2mara Municipal, vereador Bosco J\u00fanior, que cumpridas as normas regimentais desta Casa Legislativa seja encaminhado \u00e0 Mesa Diretora da C\u00e2mara Municipal de Arax\u00e1, o seguinte pedido:\r\n\r\nA realiza\u00e7\u00e3o de uma reuni\u00e3o solene em comemora\u00e7\u00e3o aos 100 anos do Grupo Zema.","indexacao":"O Vereador que a este subscreve, requer ao presidente da C\u00e2mara Municipal, vereador Bosco J\u00fanior, que cumpridas as normas regimentais desta Casa Legislativa seja encaminhado \u00e0 Mesa Diretora da C\u00e2mara Municipal de Arax\u00e1, o seguinte pedido:\r\n\r\nA realiza\u00e7\u00e3o de uma reuni\u00e3o solene em comemora\u00e7\u00e3o aos 100 anos do Grupo Zema.","observacao":"Encaminhado para Bosco J\u00fanior.\r\nVereadores Signat\u00e1rios: Dirley, Pastor Moacir, Jo\u00e3o Veras, Luiz Carlos, Zidane, Valtinho, Raphael, Maristela, Fernanda, Alexandre, Evaldo.","resultado":"","texto_original":null,"data_ultima_atualizacao":"2023-06-14T16:23:15.560549-03:00","ip":"167.249.150.178","ultima_edicao":"2023-06-14T16:02:29.120184-03:00","tipo":7,"regime_tramitacao":1,"tipo_origem_externa":null,"local_origem_externa":null,"user":60,"anexadas":[],"autores":[122]}