{"id":18983,"__str__":"Mo\u00e7\u00e3o n\u00ba 507 de 2023","link_detail_backend":"/materia/18983","metadata":{},"numero":507,"ano":2023,"numero_protocolo":null,"data_apresentacao":"2023-06-20","tipo_apresentacao":"E","data_publicacao":null,"numero_origem_externa":"","ano_origem_externa":null,"data_origem_externa":null,"apelido":"","dias_prazo":null,"data_fim_prazo":null,"em_tramitacao":false,"polemica":false,"objeto":"","complementar":false,"ementa":"A C\u00e2mara Municipal de Arax\u00e1, atrav\u00e9s dos Vereadores que a este subscrevem, requer de Vossa Excel\u00eancia que, uma vez cumpridas as normas regimentais desta Casa Legislativa, seja encaminhada MO\u00c7\u00c3O DE PESAR aos familiares do SR. GERALDO MAGELA FRADE, falecido no dia 18 de junho de 2023.\r\nNeste momento de profunda dor, rogamos ao Pai, conforto para todos os seus familiares.","indexacao":"A C\u00e2mara Municipal de Arax\u00e1, atrav\u00e9s dos Vereadores que a este subscrevem, requer de Vossa Excel\u00eancia que, uma vez cumpridas as normas regimentais desta Casa Legislativa, seja encaminhada MO\u00c7\u00c3O DE PESAR aos familiares do SR. GERALDO MAGELA FRADE, falecido no dia 18 de junho de 2023.\r\nNeste momento de profunda dor, rogamos ao Pai, conforto para todos os seus familiares.","observacao":"Of\u00edcio n\u00ba 146/2023\r\nAprovado por 14X0\r\nVereadores Signat\u00e1rios: Em Nome da Casa.","resultado":"","texto_original":null,"data_ultima_atualizacao":"2023-07-06T14:59:39.721310-03:00","ip":"45.6.232.35","ultima_edicao":"2023-07-06T14:59:39.614757-03:00","tipo":7,"regime_tramitacao":1,"tipo_origem_externa":null,"local_origem_externa":null,"user":60,"anexadas":[],"autores":[101]}