{"id":18991,"__str__":"Indica\u00e7\u00e3o n\u00ba 499 de 2023","link_detail_backend":"/materia/18991","metadata":{},"numero":499,"ano":2023,"numero_protocolo":null,"data_apresentacao":"2023-06-20","tipo_apresentacao":"E","data_publicacao":null,"numero_origem_externa":"","ano_origem_externa":null,"data_origem_externa":null,"apelido":"","dias_prazo":null,"data_fim_prazo":null,"em_tramitacao":false,"polemica":false,"objeto":"","complementar":false,"ementa":"O Vereador que a esta subscreve, de acordo com as normas regimentais, encaminha INDICA\u00c7\u00c3O ao Prefeito Municipal Senhor Rubens Magela da Silva, atrav\u00e9s dos secret\u00e1rios municipais, de Seguran\u00e7a P\u00fablica, Daniel Rosa e de A\u00e7\u00e3o Social, Wagner Cruz, solicitando a cria\u00e7\u00e3o de programa conjunto para combater o tr\u00e1fico e uso de drogas, assim como assist\u00eancia aos moradores de rua nas regi\u00f5es do Terminal Rodovi\u00e1rio e adjac\u00eancias da avenida Jo\u00e3o Paulo II. \r\nO objetivo \u00e9 coibir crimes relacionados ao uso e tr\u00e1fico de entorpecentes que se apresentam de forma end\u00eamica nesta regi\u00e3o.","indexacao":"O Vereador que a esta subscreve, de acordo com as normas regimentais, encaminha INDICA\u00c7\u00c3O ao Prefeito Municipal Senhor Rubens Magela da Silva, atrav\u00e9s dos secret\u00e1rios municipais, de Seguran\u00e7a P\u00fablica, Daniel Rosa e de A\u00e7\u00e3o Social, Wagner Cruz, solicitando a cria\u00e7\u00e3o de programa conjunto para combater o tr\u00e1fico e uso de drogas, assim como assist\u00eancia aos moradores de rua nas regi\u00f5es do Terminal Rodovi\u00e1rio e adjac\u00eancias da avenida Jo\u00e3o Paulo II. \r\nO objetivo \u00e9 coibir crimes relacionados ao uso e tr\u00e1fico de entorpecentes que se apresentam de forma end\u00eamica nesta regi\u00e3o.","observacao":"Of\u00edcio n\u00ba 149/2023\r\nAprovado por 14X0","resultado":"","texto_original":null,"data_ultima_atualizacao":"2023-06-22T17:00:43.597683-03:00","ip":"167.249.150.178","ultima_edicao":"2023-06-22T16:47:24.417221-03:00","tipo":8,"regime_tramitacao":1,"tipo_origem_externa":null,"local_origem_externa":null,"user":60,"anexadas":[],"autores":[91]}