{"id":19018,"__str__":"Projeto de Lei Ordin\u00e1ria n\u00ba 122 de 2023","link_detail_backend":"/materia/19018","metadata":{},"numero":122,"ano":2023,"numero_protocolo":null,"data_apresentacao":"2023-06-27","tipo_apresentacao":"E","data_publicacao":null,"numero_origem_externa":"122","ano_origem_externa":2023,"data_origem_externa":"2023-06-27","apelido":"","dias_prazo":null,"data_fim_prazo":null,"em_tramitacao":false,"polemica":false,"objeto":"","complementar":false,"ementa":"\"Declara de Utilidade P\u00fablica Municipal e d\u00e1 outras provid\u00eancias, ASSOCIA\u00c7\u00c3O DE PESSOAS COM S\u00cdNDROME DE DOWN DE ARAX\u00c1 \u2013 ASSINDA.\"","indexacao":"\"Declara de Utilidade P\u00fablica Municipal e d\u00e1 outras provid\u00eancias, ASSOCIA\u00c7\u00c3O DE PESSOAS COM S\u00cdNDROME DE DOWN DE ARAX\u00c1 \u2013 ASSINDA.\"","observacao":"","resultado":"","texto_original":"http://sapl.araxa.mg.leg.br/media/sapl/public/materialegislativa/2023/19018/pl_no_122.doc","data_ultima_atualizacao":"2023-07-06T15:52:24.872576-03:00","ip":"45.6.232.35","ultima_edicao":"2023-06-28T16:54:29.208475-03:00","tipo":1,"regime_tramitacao":1,"tipo_origem_externa":1,"local_origem_externa":4,"user":55,"anexadas":[],"autores":[122]}