{"id":19031,"__str__":"Requerimento n\u00ba 520 de 2023","link_detail_backend":"/materia/19031","metadata":{},"numero":520,"ano":2023,"numero_protocolo":0,"data_apresentacao":"2023-06-27","tipo_apresentacao":"E","data_publicacao":null,"numero_origem_externa":"520","ano_origem_externa":2023,"data_origem_externa":"2023-06-27","apelido":"","dias_prazo":null,"data_fim_prazo":null,"em_tramitacao":false,"polemica":false,"objeto":"","complementar":false,"ementa":"Seja enviado a este Poder Legislativo, a fundamenta\u00e7\u00e3o Jur\u00eddica para a manuten\u00e7\u00e3o da suspens\u00e3o da contagem do tempo para efeitos de quinqu\u00eanio contida no inciso IX do art. 8\u00ba da Lei Complementar n\u00ba 173/2020, face o seguinte: ( Vide original do Requerimento n\u00ba 520/2023, datado de 27/06/2023).","indexacao":"Seja enviado a este Poder Legislativo, a fundamenta\u00e7\u00e3o Jur\u00eddica para a manuten\u00e7\u00e3o da suspens\u00e3o da contagem do tempo para efeitos de quinqu\u00eanio contida no inciso IX do art. 8\u00ba da Lei Complementar n\u00ba 173/2020, face o seguinte: ( Vide original do Requerimento n\u00ba 520/2023, datado de 27/06/2023).","observacao":"Of\u00edcio n\u00ba 159/2023.\r\nAprovado por 13 x 0.","resultado":"","texto_original":null,"data_ultima_atualizacao":"2023-06-29T14:53:58.779629-03:00","ip":"45.6.232.35","ultima_edicao":"2023-06-29T14:15:48.270018-03:00","tipo":3,"regime_tramitacao":1,"tipo_origem_externa":3,"local_origem_externa":4,"user":60,"anexadas":[],"autores":[116]}