{"id":19037,"__str__":"Indica\u00e7\u00e3o n\u00ba 540 de 2023","link_detail_backend":"/materia/19037","metadata":{},"numero":540,"ano":2023,"numero_protocolo":0,"data_apresentacao":"2023-06-27","tipo_apresentacao":"E","data_publicacao":null,"numero_origem_externa":"540","ano_origem_externa":2023,"data_origem_externa":"2023-06-27","apelido":"","dias_prazo":null,"data_fim_prazo":null,"em_tramitacao":false,"polemica":false,"objeto":"","complementar":false,"ementa":"Seja encaminhado ao Sr. Daniel Rosa, Secret\u00e1rio Municipal de Seguran\u00e7a P\u00fablica, a seguinte indica\u00e7\u00e3o: - Que estude a possibilidade da instala\u00e7\u00e3o de radar fixo na Av. Jo\u00e3o Paulo II, nas proximidades do n\u00ba 409, em ambos os sentidos, localizada no centro de Arax\u00e1/MG.","indexacao":"Seja encaminhado ao Sr. Daniel Rosa, Secret\u00e1rio Municipal de Seguran\u00e7a P\u00fablica, a seguinte indica\u00e7\u00e3o: - Que estude a possibilidade da instala\u00e7\u00e3o de radar fixo na Av. Jo\u00e3o Paulo II, nas proximidades do n\u00ba 409, em ambos os sentidos, localizada no centro de Arax\u00e1/MG.","observacao":"Of\u00edcio n\u00ba 159/2023.\r\nAprovado por 13 x 0.","resultado":"","texto_original":null,"data_ultima_atualizacao":"2023-06-29T15:26:21.535335-03:00","ip":"45.6.232.35","ultima_edicao":"2023-06-29T15:21:37.430222-03:00","tipo":8,"regime_tramitacao":1,"tipo_origem_externa":8,"local_origem_externa":4,"user":60,"anexadas":[],"autores":[115]}