{"id":19154,"__str__":"Requerimento n\u00ba 647 de 2023","link_detail_backend":"/materia/19154","metadata":{},"numero":647,"ano":2023,"numero_protocolo":0,"data_apresentacao":"2023-07-25","tipo_apresentacao":"E","data_publicacao":null,"numero_origem_externa":"647","ano_origem_externa":2023,"data_origem_externa":"2023-07-25","apelido":"","dias_prazo":null,"data_fim_prazo":null,"em_tramitacao":false,"polemica":false,"objeto":"","complementar":false,"ementa":"Seja encaminhado ao Sr. WAGNER CRUZ, Secret\u00e1rio Municipal de A\u00e7\u00e3o Social, o seguinte pedido de provid\u00eancia: - Que sejam retomados os atendimentos referentes ao Cadastro \u00danico (Cad\u00fanico) no N\u00facleo de Conviv\u00eancia do Bairro Bom Jesus.","indexacao":"Seja encaminhado ao Sr. WAGNER CRUZ, Secret\u00e1rio Municipal de A\u00e7\u00e3o Social, o seguinte pedido de provid\u00eancia: - Que sejam retomados os atendimentos referentes ao Cadastro \u00danico (Cad\u00fanico) no N\u00facleo de Conviv\u00eancia do Bairro Bom Jesus.","observacao":"Of\u00edcio n\u00ba 199/2023.\r\nAprovado por 12 x 0.","resultado":"","texto_original":null,"data_ultima_atualizacao":"2023-07-28T13:31:15.535814-03:00","ip":"45.6.232.35","ultima_edicao":"2023-07-28T13:27:12.036219-03:00","tipo":3,"regime_tramitacao":1,"tipo_origem_externa":3,"local_origem_externa":4,"user":60,"anexadas":[],"autores":[115]}