{"id":19169,"__str__":"Indica\u00e7\u00e3o n\u00ba 671 de 2023","link_detail_backend":"/materia/19169","metadata":{},"numero":671,"ano":2023,"numero_protocolo":null,"data_apresentacao":"2023-08-01","tipo_apresentacao":"E","data_publicacao":null,"numero_origem_externa":"","ano_origem_externa":null,"data_origem_externa":null,"apelido":"","dias_prazo":null,"data_fim_prazo":null,"em_tramitacao":false,"polemica":false,"objeto":"","complementar":false,"ementa":"O Vereador que a este subscreve, requer que ap\u00f3s cumprido as normas regimentais, seja encaminhado ao EXMO SR. JO\u00c3O BOSCO, DEPUTADO ESTADUAL DE MINAS GERAIS, o seguinte pedido de provid\u00eancias:\r\n\r\nEste Vereador requer ao Exmo. Senhor Deputado \u00e0 possibilidade de marcar uma audi\u00eancia com o Presidente da CEMIG, para que possamos buscar alternativas para o aumento de oferta de energia no DISTRITO INDUSTRIAL DE ARAX\u00c1.","indexacao":"O Vereador que a este subscreve, requer que ap\u00f3s cumprido as normas regimentais, seja encaminhado ao EXMO SR. JO\u00c3O BOSCO, DEPUTADO ESTADUAL DE MINAS GERAIS, o seguinte pedido de provid\u00eancias:\r\n\r\nEste Vereador requer ao Exmo. Senhor Deputado \u00e0 possibilidade de marcar uma audi\u00eancia com o Presidente da CEMIG, para que possamos buscar alternativas para o aumento de oferta de energia no DISTRITO INDUSTRIAL DE ARAX\u00c1.","observacao":"Of\u00edcio n\u00ba 205/2023\r\nAprovado por 14X0","resultado":"","texto_original":null,"data_ultima_atualizacao":"2023-08-02T18:22:28.095582-03:00","ip":"45.6.232.35","ultima_edicao":"2023-08-02T18:17:06.852463-03:00","tipo":8,"regime_tramitacao":1,"tipo_origem_externa":null,"local_origem_externa":null,"user":60,"anexadas":[],"autores":[101]}