{"id":19177,"__str__":"Requerimento n\u00ba 616 de 2023","link_detail_backend":"/materia/19177","metadata":{},"numero":616,"ano":2023,"numero_protocolo":0,"data_apresentacao":"2023-08-01","tipo_apresentacao":"E","data_publicacao":null,"numero_origem_externa":"616","ano_origem_externa":2023,"data_origem_externa":"2023-08-01","apelido":"","dias_prazo":null,"data_fim_prazo":null,"em_tramitacao":false,"polemica":false,"objeto":"","complementar":false,"ementa":"Venho por meio deste manifestar com profunda indigna\u00e7\u00e3o a aus\u00eancia do Secret\u00e1rio de Seguran\u00e7a, Daniel Rosa, no F\u00f3rum Comunit\u00e1rio sobre a import\u00e2ncia da implanta\u00e7\u00e3o da guarda municipal. Sua aus\u00eancia demonstra falta de interesse no di\u00e1logo com a popula\u00e7\u00e3o , com a classe e na discuss\u00e3o de medidas fundamentais para a seguran\u00e7a p\u00fablica.","indexacao":"Venho por meio deste manifestar com profunda indigna\u00e7\u00e3o a aus\u00eancia do Secret\u00e1rio de Seguran\u00e7a, Daniel Rosa, no F\u00f3rum Comunit\u00e1rio sobre a import\u00e2ncia da implanta\u00e7\u00e3o da guarda municipal. Sua aus\u00eancia demonstra falta de interesse no di\u00e1logo com a popula\u00e7\u00e3o , com a classe e na discuss\u00e3o de medidas fundamentais para a seguran\u00e7a p\u00fablica.","observacao":"Of\u00edcio n\u00ba 207/2023.\r\nAprovado por 14 x 0.","resultado":"","texto_original":null,"data_ultima_atualizacao":"2023-08-03T12:04:10.074057-03:00","ip":"45.6.232.35","ultima_edicao":"2023-08-03T11:59:24.259114-03:00","tipo":3,"regime_tramitacao":1,"tipo_origem_externa":3,"local_origem_externa":4,"user":60,"anexadas":[],"autores":[117]}