{"id":19294,"__str__":"Indica\u00e7\u00e3o n\u00ba 744 de 2023","link_detail_backend":"/materia/19294","metadata":{},"numero":744,"ano":2023,"numero_protocolo":0,"data_apresentacao":"2023-08-29","tipo_apresentacao":"E","data_publicacao":null,"numero_origem_externa":"744","ano_origem_externa":2023,"data_origem_externa":"2023-08-29","apelido":"","dias_prazo":null,"data_fim_prazo":null,"em_tramitacao":false,"polemica":false,"objeto":"","complementar":false,"ementa":"Seja solicitado ao Excelent\u00edssimo Prefeito Municipal de Arax\u00e1/MG, Sr. Rubens Magela da Silva e \u00e0 Secret\u00e1ria de Educa\u00e7\u00e3o, Sra. Zulma Moreira, a reativa\u00e7\u00e3o da escola Marcela K\u00e1tia de Melo.","indexacao":"Seja solicitado ao Excelent\u00edssimo Prefeito Municipal de Arax\u00e1/MG, Sr. Rubens Magela da Silva e \u00e0 Secret\u00e1ria de Educa\u00e7\u00e3o, Sra. Zulma Moreira, a reativa\u00e7\u00e3o da escola Marcela K\u00e1tia de Melo.","observacao":"Of\u00edcio n\u00ba 240/2023.\r\nAprovado por 12 x 0.","resultado":"","texto_original":null,"data_ultima_atualizacao":"2023-09-06T09:32:39.238297-03:00","ip":"131.100.189.71","ultima_edicao":"2023-09-06T09:29:36.834751-03:00","tipo":8,"regime_tramitacao":1,"tipo_origem_externa":8,"local_origem_externa":4,"user":60,"anexadas":[],"autores":[117]}