{"id":19442,"__str__":"Requerimento n\u00ba 772 de 2023","link_detail_backend":"/materia/19442","metadata":{},"numero":772,"ano":2023,"numero_protocolo":null,"data_apresentacao":"2023-10-17","tipo_apresentacao":"E","data_publicacao":null,"numero_origem_externa":"","ano_origem_externa":null,"data_origem_externa":null,"apelido":"","dias_prazo":null,"data_fim_prazo":null,"em_tramitacao":false,"polemica":false,"objeto":"","complementar":false,"ementa":"A Vereadora que abaixo assina requer que, depois de ouvido o Plen\u00e1rio, em conformidade com a Regulamenta\u00e7\u00e3o pr\u00f3pria e ap\u00f3s os tr\u00e2mites legais, seja encaminhado of\u00edcio \u00e1 Secretaria de Sa\u00fade, Sra. Cristiane Gon\u00e7alves Pereira, solicitando as seguintes informa\u00e7\u00f5es:\r\n\r\na) Como est\u00e1 sendo feito o atendimento de sa\u00fade \u00e1 comunidade da Boca da Mata?\r\nb) Quais os profissionais de sa\u00fade est\u00e3o dispon\u00edveis para o atendimento \u00e1 comunidade?\r\nc) Qual o local naquela comunidade em que est\u00e1 sendo feito esse atendimento?\r\nd) Qual a periodicidade de atendimento de sa\u00fade na comunidade da Boca da Mata? \r\nCumprindo uma de nossa fun\u00e7\u00f5es de vereador e atendendo a pedidos, gostar\u00edamos de obter as informa\u00e7\u00f5es acima solicitadas.","indexacao":"A Vereadora que abaixo assina requer que, depois de ouvido o Plen\u00e1rio, em conformidade com a Regulamenta\u00e7\u00e3o pr\u00f3pria e ap\u00f3s os tr\u00e2mites legais, seja encaminhado of\u00edcio \u00e1 Secretaria de Sa\u00fade, Sra. Cristiane Gon\u00e7alves Pereira, solicitando as seguintes informa\u00e7\u00f5es:\r\n\r\na) Como est\u00e1 sendo feito o atendimento de sa\u00fade \u00e1 comunidade da Boca da Mata?\r\nb) Quais os profissionais de sa\u00fade est\u00e3o dispon\u00edveis para o atendimento \u00e1 comunidade?\r\nc) Qual o local naquela comunidade em que est\u00e1 sendo feito esse atendimento?\r\nd) Qual a periodicidade de atendimento de sa\u00fade na comunidade da Boca da Mata? \r\nCumprindo uma de nossa fun\u00e7\u00f5es de vereador e atendendo a pedidos, gostar\u00edamos de obter as informa\u00e7\u00f5es acima solicitadas.","observacao":"Of\u00edcio n\u00ba 283/2023\r\nAprovado por 14X0\r\nVereador Signat\u00e1rio: Bosco J\u00fanior.","resultado":"","texto_original":null,"data_ultima_atualizacao":"2023-10-18T18:34:08.578239-03:00","ip":"131.100.189.71","ultima_edicao":"2023-10-18T18:25:04.981915-03:00","tipo":3,"regime_tramitacao":1,"tipo_origem_externa":null,"local_origem_externa":null,"user":60,"anexadas":[],"autores":[116]}