{"id":19589,"__str__":"Mo\u00e7\u00e3o n\u00ba 995 de 2023","link_detail_backend":"/materia/19589","metadata":{},"numero":995,"ano":2023,"numero_protocolo":null,"data_apresentacao":"2023-11-28","tipo_apresentacao":"E","data_publicacao":null,"numero_origem_externa":"","ano_origem_externa":null,"data_origem_externa":null,"apelido":"","dias_prazo":null,"data_fim_prazo":null,"em_tramitacao":false,"polemica":false,"objeto":"","complementar":false,"ementa":"O Vereador que a este subscreve, requer de Vossa Excel\u00eancia depois de cumpridas as formalidades regimentais desta Casa Legislativa, seja encaminhada MO\u00c7\u00c3O DE CONGRATULA\u00c7\u00d5ES E APLAUSOS, ao Senhor Doutor Dimas Ramos Esper, MM. Juiz de Direito da Comarca de Arax\u00e1, a administradora do Centro Judici\u00e1rio de Solu\u00e7\u00e3o de Conflitos e Cidadania CEJUSC, a senhora Fabiana de F\u00e1tima Neiva Lopes; Gabriela de \u00c1vila Moreira, Pedro Ubi Costa, Gabriel Mota Leonel, Andreia Karina Ferreira, Mariana Oliveira do Esp\u00edrito Santo Tavares. Parabenizando-os pelos relevantes servi\u00e7os prestados na Semana de Concilia\u00e7\u00e3o que ocorreu no CEJUSm no per\u00edodo de 23 a 27 de outubro de 2023. Desempenhando suas fun\u00e7\u00f5es com determina\u00e7\u00e3o e \u00e9tica.","indexacao":"O Vereador que a este subscreve, requer de Vossa Excel\u00eancia depois de cumpridas as formalidades regimentais desta Casa Legislativa, seja encaminhada MO\u00c7\u00c3O DE CONGRATULA\u00c7\u00d5ES E APLAUSOS, ao Senhor Doutor Dimas Ramos Esper, MM. Juiz de Direito da Comarca de Arax\u00e1, a administradora do Centro Judici\u00e1rio de Solu\u00e7\u00e3o de Conflitos e Cidadania CEJUSC, a senhora Fabiana de F\u00e1tima Neiva Lopes; Gabriela de \u00c1vila Moreira, Pedro Ubi Costa, Gabriel Mota Leonel, Andreia Karina Ferreira, Mariana Oliveira do Esp\u00edrito Santo Tavares. Parabenizando-os pelos relevantes servi\u00e7os prestados na Semana de Concilia\u00e7\u00e3o que ocorreu no CEJUSm no per\u00edodo de 23 a 27 de outubro de 2023. Desempenhando suas fun\u00e7\u00f5es com determina\u00e7\u00e3o e \u00e9tica.","observacao":"Of\u00edcio n\u00ba 328/2023\r\nAprovado por 12X0","resultado":"","texto_original":null,"data_ultima_atualizacao":"2023-11-29T18:34:02.622030-03:00","ip":"167.249.150.178","ultima_edicao":"2023-11-29T18:24:07.063288-03:00","tipo":7,"regime_tramitacao":1,"tipo_origem_externa":null,"local_origem_externa":null,"user":60,"anexadas":[],"autores":[115]}