{"id":19754,"__str__":"Requerimento n\u00ba 47 de 2024","link_detail_backend":"/materia/19754","metadata":{},"numero":47,"ano":2024,"numero_protocolo":0,"data_apresentacao":"2024-03-05","tipo_apresentacao":"E","data_publicacao":null,"numero_origem_externa":"47","ano_origem_externa":2024,"data_origem_externa":"2024-03-05","apelido":"","dias_prazo":null,"data_fim_prazo":null,"em_tramitacao":false,"polemica":false,"objeto":"","complementar":false,"ementa":"Solicitar informa\u00e7\u00f5es ao Excelent\u00edssimo Senhor Rubens Magela da Silva, sobre a frota de ve\u00edculos da Prefeitura Municipal, tendo em vista recentes den\u00fancias recebidas sobre a poss\u00edvel utiliza\u00e7\u00e3o inadequada de ve\u00edculos p\u00fablicos para fins particulares.","indexacao":"Solicitar informa\u00e7\u00f5es ao Excelent\u00edssimo Senhor Rubens Magela da Silva, sobre a frota de ve\u00edculos da Prefeitura Municipal, tendo em vista recentes den\u00fancias recebidas sobre a poss\u00edvel utiliza\u00e7\u00e3o inadequada de ve\u00edculos p\u00fablicos para fins particulares.","observacao":"Of\u00edcio n\u00ba 028/2024.\r\nAprovado por 09 x 0.","resultado":"","texto_original":null,"data_ultima_atualizacao":"2024-03-08T12:15:51.848844-03:00","ip":"167.249.149.43","ultima_edicao":"2024-03-08T12:11:20.256524-03:00","tipo":3,"regime_tramitacao":1,"tipo_origem_externa":3,"local_origem_externa":4,"user":60,"anexadas":[],"autores":[117]}