{"id":19803,"__str__":"Requerimento n\u00ba 149 de 2024","link_detail_backend":"/materia/19803","metadata":{},"numero":149,"ano":2024,"numero_protocolo":0,"data_apresentacao":"2024-03-19","tipo_apresentacao":"E","data_publicacao":null,"numero_origem_externa":"149","ano_origem_externa":2024,"data_origem_externa":"2024-03-19","apelido":"","dias_prazo":null,"data_fim_prazo":null,"em_tramitacao":false,"polemica":false,"objeto":"","complementar":false,"ementa":"Seja submetido o presente requerimento para aprecia\u00e7\u00e3o do Plen\u00e1rio, e se aprovado seja oficiado \u00e0 Secretaria de Seguran\u00e7a P\u00fablica, na pessoa do Secret\u00e1rio Daniel Rosa, para que seja esclarecido alguns questionamentos sobre o curso de capacita\u00e7\u00e3o de vigilantes:- (Vide Requerimento n\u00ba 149/2024, datado de 19/03/2024).","indexacao":"Seja submetido o presente requerimento para aprecia\u00e7\u00e3o do Plen\u00e1rio, e se aprovado seja oficiado \u00e0 Secretaria de Seguran\u00e7a P\u00fablica, na pessoa do Secret\u00e1rio Daniel Rosa, para que seja esclarecido alguns questionamentos sobre o curso de capacita\u00e7\u00e3o de vigilantes:- (Vide Requerimento n\u00ba 149/2024, datado de 19/03/2024).","observacao":"Of\u00edcio n\u00ba 41/2024.\r\nAprovado por 13 x 0.","resultado":"","texto_original":null,"data_ultima_atualizacao":"2024-03-21T15:01:35.310122-03:00","ip":"167.249.149.43","ultima_edicao":"2024-03-21T14:57:39.975609-03:00","tipo":3,"regime_tramitacao":1,"tipo_origem_externa":3,"local_origem_externa":4,"user":60,"anexadas":[],"autores":[117]}