{"id":19835,"__str__":"Requerimento n\u00ba 172 de 2024","link_detail_backend":"/materia/19835","metadata":{},"numero":172,"ano":2024,"numero_protocolo":null,"data_apresentacao":"2024-03-26","tipo_apresentacao":"E","data_publicacao":null,"numero_origem_externa":"","ano_origem_externa":null,"data_origem_externa":null,"apelido":"","dias_prazo":null,"data_fim_prazo":null,"em_tramitacao":false,"polemica":false,"objeto":"","complementar":false,"ementa":"O Vereador que a este subscreve, REQUER de Vossa Excel\u00eancia que, uma vez cumpridas as normas regimentais desta Casa Legislativa, seja agendado um F\u00d3RUM COMUNIT\u00c1RIO com o objetivo de debater sobre os problemas que os produtores rurais v\u00eam enfrentando em rela\u00e7\u00e3o ao servi\u00e7o prestado pela CEMIG na regi\u00e3o.","indexacao":"O Vereador que a este subscreve, REQUER de Vossa Excel\u00eancia que, uma vez cumpridas as normas regimentais desta Casa Legislativa, seja agendado um F\u00d3RUM COMUNIT\u00c1RIO com o objetivo de debater sobre os problemas que os produtores rurais v\u00eam enfrentando em rela\u00e7\u00e3o ao servi\u00e7o prestado pela CEMIG na regi\u00e3o.","observacao":"Encaminhado para Walqu\u00edria \r\nAprovado por 12X0","resultado":"","texto_original":null,"data_ultima_atualizacao":"2024-04-02T15:43:33.019868-03:00","ip":"167.249.149.43","ultima_edicao":"2024-04-02T15:38:23.134308-03:00","tipo":3,"regime_tramitacao":1,"tipo_origem_externa":null,"local_origem_externa":null,"user":60,"anexadas":[],"autores":[104]}