{"id":19858,"__str__":"Indica\u00e7\u00e3o n\u00ba 24 de 2024","link_detail_backend":"/materia/19858","metadata":{},"numero":24,"ano":2024,"numero_protocolo":null,"data_apresentacao":"2024-04-09","tipo_apresentacao":"E","data_publicacao":null,"numero_origem_externa":"","ano_origem_externa":null,"data_origem_externa":null,"apelido":"","dias_prazo":null,"data_fim_prazo":null,"em_tramitacao":false,"polemica":false,"objeto":"","complementar":false,"ementa":"O Vereador que a este subscreve requer que, ap\u00f3s cumpridos os tramites regimentais, a Mesa Diretora desta Casa encaminhe ao Procurador Geral do Munic\u00edpio, Jonathan Ferreira, o seguinte pedido de provid\u00eancia:\r\n\r\nQue seja providenciada a documenta\u00e7\u00e3o necess\u00e1ria para a doa\u00e7\u00e3o das \u00e1reas de servid\u00e3o que foram desapropriadas pela Prefeitura de Arax\u00e1 nas obras do Residencial Jardim Espl\u00eandido.","indexacao":"O Vereador que a este subscreve requer que, ap\u00f3s cumpridos os tramites regimentais, a Mesa Diretora desta Casa encaminhe ao Procurador Geral do Munic\u00edpio, Jonathan Ferreira, o seguinte pedido de provid\u00eancia:\r\n\r\nQue seja providenciada a documenta\u00e7\u00e3o necess\u00e1ria para a doa\u00e7\u00e3o das \u00e1reas de servid\u00e3o que foram desapropriadas pela Prefeitura de Arax\u00e1 nas obras do Residencial Jardim Espl\u00eandido.","observacao":"Of\u00edcio n\u00ba 65/2024\r\nAprovado por 13X0","resultado":"","texto_original":null,"data_ultima_atualizacao":"2024-04-11T17:47:34.747997-03:00","ip":"167.249.149.43","ultima_edicao":"2024-04-11T17:42:30.147614-03:00","tipo":8,"regime_tramitacao":1,"tipo_origem_externa":null,"local_origem_externa":null,"user":60,"anexadas":[],"autores":[105]}