{"id":19893,"__str__":"Indica\u00e7\u00e3o n\u00ba 228 de 2024","link_detail_backend":"/materia/19893","metadata":{},"numero":228,"ano":2024,"numero_protocolo":0,"data_apresentacao":"2024-04-16","tipo_apresentacao":"","data_publicacao":null,"numero_origem_externa":"228","ano_origem_externa":2024,"data_origem_externa":"2024-04-16","apelido":"","dias_prazo":null,"data_fim_prazo":null,"em_tramitacao":false,"polemica":false,"objeto":"","complementar":false,"ementa":"Encaminha indica\u00e7\u00e3o ao Prefeito Municipal, Senhor Rubens Magela da Silva e ao Secret\u00e1rio Municipal de Obras P\u00fablicas e Mobilidade Urbana, Senhor Pedrinho da Mata, solicitando a revitaliza\u00e7\u00e3o e ilumina\u00e7\u00e3o da pra\u00e7a Rui Afonso dos Reis, localizada no bairro Vila Universit\u00e1ria, nesta cidade.","indexacao":"Encaminha indica\u00e7\u00e3o ao Prefeito Municipal, Senhor Rubens Magela da Silva e ao Secret\u00e1rio Municipal de Obras P\u00fablicas e Mobilidade Urbana, Senhor Pedrinho da Mata, solicitando a revitaliza\u00e7\u00e3o e ilumina\u00e7\u00e3o da pra\u00e7a Rui Afonso dos Reis, localizada no bairro Vila Universit\u00e1ria, nesta cidade.","observacao":"Of\u00edcio n\u00ba 074/2024.\r\nAprovado por 13 x 0.","resultado":"","texto_original":null,"data_ultima_atualizacao":"2024-04-18T13:53:30.882942-03:00","ip":"167.249.149.43","ultima_edicao":"2024-04-18T13:50:25.330478-03:00","tipo":8,"regime_tramitacao":1,"tipo_origem_externa":8,"local_origem_externa":4,"user":60,"anexadas":[],"autores":[91]}