{"id":20053,"__str__":"Indica\u00e7\u00e3o n\u00ba 376 de 2024","link_detail_backend":"/materia/20053","metadata":{},"numero":376,"ano":2024,"numero_protocolo":0,"data_apresentacao":"2024-06-04","tipo_apresentacao":"E","data_publicacao":null,"numero_origem_externa":"376","ano_origem_externa":2024,"data_origem_externa":"2024-06-04","apelido":"","dias_prazo":null,"data_fim_prazo":null,"em_tramitacao":false,"polemica":false,"objeto":"","complementar":false,"ementa":"Seja realizada indica\u00e7\u00e3o \u00e0 Secret\u00e1ria Municipal de Educa\u00e7\u00e3o, Zulma Moreira, e \u00e0 Secret\u00e1ria da Seguran\u00e7a P\u00fablica, Naiara Pacheco, para que todas as vans e demais ve\u00edculos autorizadas para transporte escolar em Arax\u00e1/MG, tenham a obriga\u00e7\u00e3o de instala\u00e7\u00e3o de c\u00e2meras de seguran\u00e7a, a serem monitoradas pela Secretaria de Seguran\u00e7a P\u00fablica.","indexacao":"Seja realizada indica\u00e7\u00e3o \u00e0 Secret\u00e1ria Municipal de Educa\u00e7\u00e3o, Zulma Moreira, e \u00e0 Secret\u00e1ria da Seguran\u00e7a P\u00fablica, Naiara Pacheco, para que todas as vans e demais ve\u00edculos autorizadas para transporte escolar em Arax\u00e1/MG, tenham a obriga\u00e7\u00e3o de instala\u00e7\u00e3o de c\u00e2meras de seguran\u00e7a, a serem monitoradas pela Secretaria de Seguran\u00e7a P\u00fablica.","observacao":"Of\u00edcio n\u00ba 129/2024.\r\nAprovado por 14 x 0.","resultado":"","texto_original":null,"data_ultima_atualizacao":"2024-06-06T14:43:14.827531-03:00","ip":"167.249.150.123","ultima_edicao":"2024-06-06T14:38:50.358918-03:00","tipo":8,"regime_tramitacao":1,"tipo_origem_externa":8,"local_origem_externa":4,"user":60,"anexadas":[],"autores":[124]}