{"id":20445,"__str__":"Indica\u00e7\u00e3o n\u00ba 724 de 2024","link_detail_backend":"/materia/20445","metadata":{},"numero":724,"ano":2024,"numero_protocolo":0,"data_apresentacao":"2024-09-17","tipo_apresentacao":"E","data_publicacao":null,"numero_origem_externa":"724","ano_origem_externa":2024,"data_origem_externa":"2024-09-17","apelido":"","dias_prazo":null,"data_fim_prazo":null,"em_tramitacao":false,"polemica":false,"objeto":"","complementar":false,"ementa":"Encaminhado indica\u00e7\u00e3o ao Prefeito Municipal, Senhor Rubens Magela da Silva e \u00e0 Secret\u00e1ria Municipal de Educa\u00e7\u00e3o, Senhora Zulma Moreira, solicitando a instala\u00e7\u00e3o de umidificadores  de ar nas salas de aula da Educa\u00e7\u00e3o Infantil nas escolas da rede municipal de ensino de Arax\u00e1/MG, devido \u00e0 baixa umidade relativa do ar que vem sendo registrada no munic\u00edpio.","indexacao":"Encaminhado indica\u00e7\u00e3o ao Prefeito Municipal, Senhor Rubens Magela da Silva e \u00e0 Secret\u00e1ria Municipal de Educa\u00e7\u00e3o, Senhora Zulma Moreira, solicitando a instala\u00e7\u00e3o de umidificadores  de ar nas salas de aula da Educa\u00e7\u00e3o Infantil nas escolas da rede municipal de ensino de Arax\u00e1/MG, devido \u00e0 baixa umidade relativa do ar que vem sendo registrada no munic\u00edpio.","observacao":"Of\u00edcio n\u00ba 217/2024.\r\nAprovado por 12 x 0.","resultado":"","texto_original":null,"data_ultima_atualizacao":"2024-09-18T16:09:05.703794-03:00","ip":"167.249.150.123","ultima_edicao":"2024-09-18T16:03:01.316059-03:00","tipo":8,"regime_tramitacao":1,"tipo_origem_externa":8,"local_origem_externa":4,"user":60,"anexadas":[],"autores":[91]}