{"id":20671,"__str__":"Indica\u00e7\u00e3o n\u00ba 13 de 2025","link_detail_backend":"/materia/20671","metadata":{},"numero":13,"ano":2025,"numero_protocolo":0,"data_apresentacao":"2025-02-04","tipo_apresentacao":"E","data_publicacao":null,"numero_origem_externa":"13","ano_origem_externa":2025,"data_origem_externa":"2025-02-04","apelido":"","dias_prazo":null,"data_fim_prazo":null,"em_tramitacao":false,"polemica":false,"objeto":"","complementar":false,"ementa":"Oficie ao Secret\u00e1rio Municipal de Obras P\u00fablicas e Mobilidade Urbana, Sr. Pedrinho da Mata, para aprecia\u00e7\u00e3o e execu\u00e7\u00e3o do seguinte pedido de provid\u00eancia:- Que seja estudada a possibilidade de colocar e reestruturar o espa\u00e7o da antiga \u00e1rvore do passo da saudade.","indexacao":"Oficie ao Secret\u00e1rio Municipal de Obras P\u00fablicas e Mobilidade Urbana, Sr. Pedrinho da Mata, para aprecia\u00e7\u00e3o e execu\u00e7\u00e3o do seguinte pedido de provid\u00eancia:- Que seja estudada a possibilidade de colocar e reestruturar o espa\u00e7o da antiga \u00e1rvore do passo da saudade.","observacao":"Of\u00edcio n\u00ba 003/2025.\r\nAprovado por 12 x 0.","resultado":"","texto_original":null,"data_ultima_atualizacao":"2025-02-06T13:27:47.454479-03:00","ip":"167.249.149.244","ultima_edicao":"2025-02-06T13:23:45.802202-03:00","tipo":8,"regime_tramitacao":1,"tipo_origem_externa":8,"local_origem_externa":4,"user":60,"anexadas":[],"autores":[8]}