{"id":20880,"__str__":"Indica\u00e7\u00e3o n\u00ba 260 de 2025","link_detail_backend":"/materia/20880","metadata":{},"numero":260,"ano":2025,"numero_protocolo":null,"data_apresentacao":"2025-03-11","tipo_apresentacao":"E","data_publicacao":null,"numero_origem_externa":"","ano_origem_externa":null,"data_origem_externa":null,"apelido":"","dias_prazo":null,"data_fim_prazo":null,"em_tramitacao":false,"polemica":false,"objeto":"","complementar":false,"ementa":"O Vereador Jo\u00e3o Paulo Ferreira de Paula, no uso de suas atribui\u00e7\u00f5es e nos termos do Regimento Interno da C\u00e2mara Municipal de Arax\u00e1, vem respeitosamente apresentar a seguinte indica\u00e7\u00e3o: \r\n\r\nIndica \u00e0 Anna Tereza Campos Magalh\u00e3es de \u00c1vila, Secret\u00e1ria Municipal de Servi\u00e7os Urbanos a necessidade de ser elaborado um planejamento para a ornamenta\u00e7\u00e3o dos canteiros urbanos, rotat\u00f3rias e pra\u00e7as da cidade em parceria com o projeto Pequeno Jardineiro.","indexacao":"O Vereador Jo\u00e3o Paulo Ferreira de Paula, no uso de suas atribui\u00e7\u00f5es e nos termos do Regimento Interno da C\u00e2mara Municipal de Arax\u00e1, vem respeitosamente apresentar a seguinte indica\u00e7\u00e3o: \r\n\r\nIndica \u00e0 Anna Tereza Campos Magalh\u00e3es de \u00c1vila, Secret\u00e1ria Municipal de Servi\u00e7os Urbanos a necessidade de ser elaborado um planejamento para a ornamenta\u00e7\u00e3o dos canteiros urbanos, rotat\u00f3rias e pra\u00e7as da cidade em parceria com o projeto Pequeno Jardineiro.","observacao":"Of\u00edcio n\u00ba 43/2025\r\nAprovado por 14X0","resultado":"","texto_original":null,"data_ultima_atualizacao":"2025-03-13T14:09:03.831325-03:00","ip":"187.32.177.205","ultima_edicao":"2025-03-13T14:02:09.956435-03:00","tipo":8,"regime_tramitacao":1,"tipo_origem_externa":null,"local_origem_externa":null,"user":60,"anexadas":[],"autores":[131]}