{"id":20891,"__str__":"Requerimento n\u00ba 267 de 2025","link_detail_backend":"/materia/20891","metadata":{},"numero":267,"ano":2025,"numero_protocolo":null,"data_apresentacao":"2025-03-11","tipo_apresentacao":"E","data_publicacao":null,"numero_origem_externa":"","ano_origem_externa":null,"data_origem_externa":null,"apelido":"","dias_prazo":null,"data_fim_prazo":null,"em_tramitacao":false,"polemica":false,"objeto":"","complementar":false,"ementa":"O Vereador que esta subscreve, ao exerc\u00edcio de suas atribui\u00e7\u00f5es legislativas conferidas pelo Regimento Interno, requer seja solicitado ao Senhor Prefeito que junte ao Projeto de Lei n\u00ba 32/2025 do Executivo que altera zoneamento de \u00e1rea municipal, o estudo de impacto financeiro e ambiental da \u00e1rea referida, bem como a certid\u00e3o de registro imobili\u00e1rio atualizada da mesma e tamb\u00e9m ata da reuni\u00e3o do CODEMA que aprovou a altera\u00e7\u00e3o e parecer do IPDSA, e que informe ainda se tal \u00e1rea ser\u00e1 objeto de licita\u00e7\u00e3o para atendimento a normal lega e qual o projeto de fomento das pequenas e medias empresas  que ser\u00e3o beneficiadas.","indexacao":"O Vereador que esta subscreve, ao exerc\u00edcio de suas atribui\u00e7\u00f5es legislativas conferidas pelo Regimento Interno, requer seja solicitado ao Senhor Prefeito que junte ao Projeto de Lei n\u00ba 32/2025 do Executivo que altera zoneamento de \u00e1rea municipal, o estudo de impacto financeiro e ambiental da \u00e1rea referida, bem como a certid\u00e3o de registro imobili\u00e1rio atualizada da mesma e tamb\u00e9m ata da reuni\u00e3o do CODEMA que aprovou a altera\u00e7\u00e3o e parecer do IPDSA, e que informe ainda se tal \u00e1rea ser\u00e1 objeto de licita\u00e7\u00e3o para atendimento a normal lega e qual o projeto de fomento das pequenas e medias empresas  que ser\u00e3o beneficiadas.","observacao":"Encaminhada para Igor","resultado":"","texto_original":null,"data_ultima_atualizacao":"2025-03-13T15:16:46.806283-03:00","ip":"187.32.177.205","ultima_edicao":"2025-03-13T15:04:32.535671-03:00","tipo":3,"regime_tramitacao":1,"tipo_origem_externa":null,"local_origem_externa":null,"user":60,"anexadas":[],"autores":[66]}