{"id":21388,"__str__":"Mo\u00e7\u00e3o n\u00ba 683 de 2025","link_detail_backend":"/materia/21388","metadata":{},"numero":683,"ano":2025,"numero_protocolo":0,"data_apresentacao":"2025-06-03","tipo_apresentacao":"E","data_publicacao":null,"numero_origem_externa":"683","ano_origem_externa":2025,"data_origem_externa":"2025-06-03","apelido":"","dias_prazo":null,"data_fim_prazo":null,"em_tramitacao":false,"polemica":false,"objeto":"","complementar":false,"ementa":"Seja encaminhada MO\u00c7\u00c3O DE CONGRATULA\u00c7\u00d5ES E APLAUSOS aos componentes da Companhia T\u00e1tico M\u00f3vel do 37\u00ba Batalh\u00e3o da Pol\u00edcia Militar do Estado de Minas Gerais, nas pessoas dos senhores Ademir Fagundes, Comandante do Batalh\u00e3o, Tenente PM Thiago Galv\u00e3o de Oliveira Novais, Comandante da Companhia T\u00e1tico M\u00f3vel e Sr. Tenente PM Th\u00e1ssio L\u00facio Salgado de Carvalho, Comandante do Pelot\u00e3o T\u00e1tico M\u00f3vel, parabenizando-os pela dedica\u00e7\u00e3o, efic\u00e1cia e pelos resultados positivos no combate \u00e0 viol\u00eancia urbana e rural e na prote\u00e7\u00e3o da nossa comunidade de Arax\u00e1/MG, bem como para o seguintes senhores componentes do nosso honrado Batalh\u00e3o: (Vide original da Mo\u00e7\u00e3o n\u00ba 683/2025).","indexacao":"Seja encaminhada MO\u00c7\u00c3O DE CONGRATULA\u00c7\u00d5ES E APLAUSOS aos componentes da Companhia T\u00e1tico M\u00f3vel do 37\u00ba Batalh\u00e3o da Pol\u00edcia Militar do Estado de Minas Gerais, nas pessoas dos senhores Ademir Fagundes, Comandante do Batalh\u00e3o, Tenente PM Thiago Galv\u00e3o de Oliveira Novais, Comandante da Companhia T\u00e1tico M\u00f3vel e Sr. Tenente PM Th\u00e1ssio L\u00facio Salgado de Carvalho, Comandante do Pelot\u00e3o T\u00e1tico M\u00f3vel, parabenizando-os pela dedica\u00e7\u00e3o, efic\u00e1cia e pelos resultados positivos no combate \u00e0 viol\u00eancia urbana e rural e na prote\u00e7\u00e3o da nossa comunidade de Arax\u00e1/MG, bem como para o seguintes senhores componentes do nosso honrado Batalh\u00e3o: (Vide original da Mo\u00e7\u00e3o n\u00ba 683/2025).","observacao":"Of\u00edcio n\u00ba 246/2025.\r\nAprovado por 12 x 0.","resultado":"","texto_original":null,"data_ultima_atualizacao":"2025-06-05T13:33:55.349912-03:00","ip":"187.32.177.205","ultima_edicao":"2025-06-05T13:26:30.834988-03:00","tipo":7,"regime_tramitacao":1,"tipo_origem_externa":7,"local_origem_externa":4,"user":60,"anexadas":[],"autores":[115]}