{"id":21901,"__str__":"Indica\u00e7\u00e3o n\u00ba 1052 de 2025","link_detail_backend":"/materia/21901","metadata":{},"numero":1052,"ano":2025,"numero_protocolo":0,"data_apresentacao":"2025-09-23","tipo_apresentacao":"E","data_publicacao":null,"numero_origem_externa":"1052","ano_origem_externa":2025,"data_origem_externa":"2025-09-23","apelido":"","dias_prazo":null,"data_fim_prazo":null,"em_tramitacao":false,"polemica":false,"objeto":"","complementar":false,"ementa":"Seja encaminhado \u00e0 Sra. Nayara Pacheco, Secret\u00e1ria Municipal  de Seguran\u00e7a P\u00fablica e Tr\u00e2nsito, os seguintes pedidos de provid\u00eancias: - Solicita a instala\u00e7\u00e3o de redutor eletr\u00f4nico de velocidade (radar) na rodovia MG-146, nas proximidades do \"Mart Minas\".","indexacao":"Seja encaminhado \u00e0 Sra. Nayara Pacheco, Secret\u00e1ria Municipal  de Seguran\u00e7a P\u00fablica e Tr\u00e2nsito, os seguintes pedidos de provid\u00eancias: - Solicita a instala\u00e7\u00e3o de redutor eletr\u00f4nico de velocidade (radar) na rodovia MG-146, nas proximidades do \"Mart Minas\".","observacao":"Of\u00edcio n\u00ba 440/2025.\r\nAprovado por 14 x 0.","resultado":"","texto_original":null,"data_ultima_atualizacao":"2025-09-24T14:49:56.409505-03:00","ip":"187.32.177.205","ultima_edicao":"2025-09-24T14:46:12.604186-03:00","tipo":8,"regime_tramitacao":1,"tipo_origem_externa":8,"local_origem_externa":4,"user":60,"anexadas":[],"autores":[128]}