{"id":22075,"__str__":"Requerimento n\u00ba 1231 de 2025","link_detail_backend":"/materia/22075","metadata":{},"numero":1231,"ano":2025,"numero_protocolo":null,"data_apresentacao":"2025-10-21","tipo_apresentacao":"E","data_publicacao":null,"numero_origem_externa":"","ano_origem_externa":null,"data_origem_externa":null,"apelido":"","dias_prazo":null,"data_fim_prazo":null,"em_tramitacao":false,"polemica":false,"objeto":"","complementar":false,"ementa":"A Vereadora signat\u00e1ria, com assento nesta Casa legislativa e no uso da atribui\u00e7\u00e3o que lhe confere o Regimento Interno, solicita a Vossa Excel\u00eancia que seja submetida o presente requerimento para aprecia\u00e7\u00e3o do Plen\u00e1rio, e se aprovado seja oficiado o Senhor Prefeito Municipal de Arax\u00e1, Rubens Magela da Silva e a Senhora Anna Tereza de Campos Magalh\u00e3es de \u00c1vila, Secret\u00e1ria de Servi\u00e7os Urbanos.\r\n\r\nRequerendo-lhe :\r\nSejam adotadas medidas urgentes de apoio as associa\u00e7\u00f5es e cooperativa de materiais recicl\u00e1veis do munic\u00edpio, tendo em vista as dificuldades enfrentada por esses grupos que prestam um servi\u00e7o essencial a cidade, contribuindo para o meio ambiente e para a gera\u00e7\u00e3o de renda de diversas fam\u00edlias.","indexacao":"A Vereadora signat\u00e1ria, com assento nesta Casa legislativa e no uso da atribui\u00e7\u00e3o que lhe confere o Regimento Interno, solicita a Vossa Excel\u00eancia que seja submetida o presente requerimento para aprecia\u00e7\u00e3o do Plen\u00e1rio, e se aprovado seja oficiado o Senhor Prefeito Municipal de Arax\u00e1, Rubens Magela da Silva e a Senhora Anna Tereza de Campos Magalh\u00e3es de \u00c1vila, Secret\u00e1ria de Servi\u00e7os Urbanos.\r\n\r\nRequerendo-lhe :\r\nSejam adotadas medidas urgentes de apoio as associa\u00e7\u00f5es e cooperativa de materiais recicl\u00e1veis do munic\u00edpio, tendo em vista as dificuldades enfrentada por esses grupos que prestam um servi\u00e7o essencial a cidade, contribuindo para o meio ambiente e para a gera\u00e7\u00e3o de renda de diversas fam\u00edlias.","observacao":"Of\u00edcio n\u00ba 461/2025\r\nAprovado por 13X0","resultado":"","texto_original":null,"data_ultima_atualizacao":"2025-10-22T18:09:04.957809-03:00","ip":"187.32.177.205","ultima_edicao":"2025-10-22T18:00:19.363800-03:00","tipo":3,"regime_tramitacao":1,"tipo_origem_externa":null,"local_origem_externa":null,"user":60,"anexadas":[],"autores":[117]}