{"id":2419,"__str__":"Requerimento n\u00ba 287 de 2008","link_detail_backend":"/materia/2419","metadata":{},"numero":287,"ano":2008,"numero_protocolo":null,"data_apresentacao":"2008-04-22","tipo_apresentacao":"","data_publicacao":null,"numero_origem_externa":"","ano_origem_externa":null,"data_origem_externa":null,"apelido":"","dias_prazo":null,"data_fim_prazo":null,"em_tramitacao":false,"polemica":null,"objeto":"","complementar":null,"ementa":"ENCAMINHA AO SENHOR \u00c9RICO RIOS FERES SECRET\u00c1RIO MUNICIPAL DE DESENVOLVIMENTO HUMANO, POSSIBILIDADE DE REALIZAR NO MUNIC\u00cdPIO O 1\u00ba F\u00d3RUM MUNICIPAL DOS DIREITOS DA CRIAN\u00c7A E DO ADOLECENTE PARA A DISCUS\u00c3O DOS AVAN\u00c7OS DAS POL\u00cdTICAS P\u00daBOLICAS MUNICIPAIS EM PROL DA CRIAN\u00c7A E DO ADOLECENTE E APONTAR NOVAS METAS NO QUE TANGE O FORTALECIMENTO E ARTICULA\u00c7\u00c3O DA REDE S\u00d3CIO-ASSIT\u00caNCIAL DA CRIAN\u00c7A E DO ADOLECENTE. ","indexacao":"ENCAMINHA AO SENHOR \u00c9RICO RIOS FERES SECRET\u00c1RIO MUNICIPAL DE DESENVOLVIMENTO HUMANO, POSSIBILIDADE DE REALIZAR NO MUNIC\u00cdPIO O 1\u00ba F\u00d3RUM MUNICIPAL DOS DIREITOS DA CRIAN\u00c7A E DO ADOLECENTE PARA A DISCUS\u00c3O DOS AVAN\u00c7OS DAS POL\u00cdTICAS P\u00daBOLICAS MUNICIPAIS EM PROL DA CRIAN\u00c7A E DO ADOLECENTE E APONTAR NOVAS METAS NO QUE TANGE O FORTALECIMENTO E ARTICULA\u00c7\u00c3O DA REDE S\u00d3CIO-ASSIT\u00caNCIAL DA CRIAN\u00c7A E DO ADOLECENTE. ","observacao":"of\u00edcio n\u00b0 145/2008","resultado":" ","texto_original":null,"data_ultima_atualizacao":"2018-10-05T13:36:42.380711-03:00","ip":"","ultima_edicao":null,"tipo":3,"regime_tramitacao":1,"tipo_origem_externa":null,"local_origem_externa":null,"user":null,"anexadas":[],"autores":[29]}