{"id":3661,"__str__":"Requerimento n\u00ba 617 de 2009","link_detail_backend":"/materia/3661","metadata":{},"numero":617,"ano":2009,"numero_protocolo":null,"data_apresentacao":"2009-08-18","tipo_apresentacao":"","data_publicacao":null,"numero_origem_externa":"","ano_origem_externa":null,"data_origem_externa":null,"apelido":"","dias_prazo":null,"data_fim_prazo":null,"em_tramitacao":false,"polemica":null,"objeto":"","complementar":null,"ementa":"ENCAMINHA PEDIDO AO \u00d3RG\u00c3O COMPETENTE DA PREFEITURA MUNICIPAL QUE SE FA\u00c7A A COLOCA\u00c7\u00c3O DE PLACAS DENOMINATIVAS NAS RUAS DE ARAX\u00c1.","indexacao":"ENCAMINHA PEDIDO AO \u00d3RG\u00c3O COMPETENTE DA PREFEITURA MUNICIPAL QUE SE FA\u00c7A A COLOCA\u00c7\u00c3O DE PLACAS DENOMINATIVAS NAS RUAS DE ARAX\u00c1.","observacao":"of\u00edcio n\u00ba 380/2009","resultado":" ","texto_original":null,"data_ultima_atualizacao":"2018-10-05T13:36:42.545175-03:00","ip":"","ultima_edicao":null,"tipo":3,"regime_tramitacao":1,"tipo_origem_externa":null,"local_origem_externa":null,"user":null,"anexadas":[],"autores":[74]}