{"id":5225,"__str__":"Requerimento n\u00ba 57 de 2011","link_detail_backend":"/materia/5225","metadata":{},"numero":57,"ano":2011,"numero_protocolo":null,"data_apresentacao":"2011-02-22","tipo_apresentacao":"","data_publicacao":null,"numero_origem_externa":"","ano_origem_externa":null,"data_origem_externa":null,"apelido":"","dias_prazo":null,"data_fim_prazo":null,"em_tramitacao":true,"polemica":null,"objeto":"","complementar":null,"ementa":"CONVIDA O SENHOR WALTER OGAWA SILVA PRESIDENTE DA FUNDA\u00c7\u00c3O CULTURAL CALMON BARRETO PARA COMPARECER EM F\u00d3RUM COMUNIT\u00c1RIO NESTA CASA DO POVO COM A FINALIDADE DE PRESTAR ESCLARECIMENTO SOBRE OS PROJETOS DESENVOLVIDOS PELA FUNDA\u00c7\u00c3O.","indexacao":"CONVIDA O SENHOR WALTER OGAWA SILVA PRESIDENTE DA FUNDA\u00c7\u00c3O CULTURAL CALMON BARRETO PARA COMPARECER EM F\u00d3RUM COMUNIT\u00c1RIO NESTA CASA DO POVO COM A FINALIDADE DE PRESTAR ESCLARECIMENTO SOBRE OS PROJETOS DESENVOLVIDOS PELA FUNDA\u00c7\u00c3O.","observacao":"of\u00edcio n\u00ba52/2011","resultado":" ","texto_original":null,"data_ultima_atualizacao":"2018-10-05T13:36:42.753173-03:00","ip":"","ultima_edicao":null,"tipo":3,"regime_tramitacao":1,"tipo_origem_externa":null,"local_origem_externa":null,"user":null,"anexadas":[],"autores":[76]}