{"id":5681,"__str__":"Requerimento n\u00ba 396 de 2011","link_detail_backend":"/materia/5681","metadata":{},"numero":396,"ano":2011,"numero_protocolo":null,"data_apresentacao":"2011-07-12","tipo_apresentacao":"","data_publicacao":null,"numero_origem_externa":"","ano_origem_externa":null,"data_origem_externa":null,"apelido":"","dias_prazo":null,"data_fim_prazo":null,"em_tramitacao":false,"polemica":null,"objeto":"","complementar":null,"ementa":"ENCAMINHA PEDIDO A SECRETARIA DE ASSUNTOS JUR\u00cdDICOS ATRAV\u00c9S DO DR. ANDR\u00c9 SAMPAIO, PARA QUE ENVIE PARA A C\u00c2MARA  MUNICIPAL AS LICITA\u00c7\u00d5ES REFERENTES AOS VE\u00cdCULOS CONTRATADOS PELA PREFEITURA MUNICIPAL EXCETO VANS, CAMINH\u00d5ES E M\u00c1QUINAS E TAMB\u00c9M DOCUMENTA\u00c7\u00d5ES DE AUTOM\u00d3VEIS CONTRATADOS POR PREG\u00d5ES.","indexacao":"ENCAMINHA PEDIDO A SECRETARIA DE ASSUNTOS JUR\u00cdDICOS ATRAV\u00c9S DO DR. ANDR\u00c9 SAMPAIO, PARA QUE ENVIE PARA A C\u00c2MARA  MUNICIPAL AS LICITA\u00c7\u00d5ES REFERENTES AOS VE\u00cdCULOS CONTRATADOS PELA PREFEITURA MUNICIPAL EXCETO VANS, CAMINH\u00d5ES E M\u00c1QUINAS E TAMB\u00c9M DOCUMENTA\u00c7\u00d5ES DE AUTOM\u00d3VEIS CONTRATADOS POR PREG\u00d5ES.","observacao":"of\u00edcio n\u00ba 302/2011","resultado":" ","texto_original":null,"data_ultima_atualizacao":"2018-10-05T13:36:42.814116-03:00","ip":"","ultima_edicao":null,"tipo":3,"regime_tramitacao":1,"tipo_origem_externa":null,"local_origem_externa":null,"user":null,"anexadas":[],"autores":[73]}