{"id":5768,"__str__":"Requerimento n\u00ba 469 de 2011","link_detail_backend":"/materia/5768","metadata":{},"numero":469,"ano":2011,"numero_protocolo":null,"data_apresentacao":"2011-08-09","tipo_apresentacao":"","data_publicacao":null,"numero_origem_externa":"","ano_origem_externa":null,"data_origem_externa":null,"apelido":"","dias_prazo":null,"data_fim_prazo":null,"em_tramitacao":false,"polemica":null,"objeto":"","complementar":null,"ementa":"CONVIDA PARA UM F\u00d3RUM COMUNIT\u00c1RIO COM A ASSOCIA\u00c7\u00c3O EVANG\u00c9LICA LAR EBENEZER, PARA DISCUTIR A ATUAL SITURA\u00c7\u00c3O E FUNCIONAMENTO.","indexacao":"CONVIDA PARA UM F\u00d3RUM COMUNIT\u00c1RIO COM A ASSOCIA\u00c7\u00c3O EVANG\u00c9LICA LAR EBENEZER, PARA DISCUTIR A ATUAL SITURA\u00c7\u00c3O E FUNCIONAMENTO.","observacao":"of\u00edcio n\u00ba 345/2011","resultado":" ","texto_original":null,"data_ultima_atualizacao":"2018-10-05T13:36:42.826296-03:00","ip":"","ultima_edicao":null,"tipo":3,"regime_tramitacao":1,"tipo_origem_externa":null,"local_origem_externa":null,"user":null,"anexadas":[],"autores":[74]}