{"id":5809,"__str__":"Requerimento n\u00ba 495 de 2011","link_detail_backend":"/materia/5809","metadata":{},"numero":495,"ano":2011,"numero_protocolo":null,"data_apresentacao":"2011-08-23","tipo_apresentacao":"","data_publicacao":null,"numero_origem_externa":"","ano_origem_externa":null,"data_origem_externa":null,"apelido":"","dias_prazo":null,"data_fim_prazo":null,"em_tramitacao":false,"polemica":null,"objeto":"","complementar":null,"ementa":"ENCAMINHA MO\u00c7\u00c3O DE CONGRATULA\u00c7\u00d5ES A SENHORA NATALINA VIEIRA DA SILVA, ELEITA PELA CHAPA \u00daNICA COMO PRESIDENTE DA ASSOCIA\u00c7\u00c3O DOS MORADORES DO BAIRRO DONA BEJA.","indexacao":"ENCAMINHA MO\u00c7\u00c3O DE CONGRATULA\u00c7\u00d5ES A SENHORA NATALINA VIEIRA DA SILVA, ELEITA PELA CHAPA \u00daNICA COMO PRESIDENTE DA ASSOCIA\u00c7\u00c3O DOS MORADORES DO BAIRRO DONA BEJA.","observacao":"of\u00edcio n\u00ba 372/2011","resultado":" ","texto_original":null,"data_ultima_atualizacao":"2018-10-05T13:36:42.831930-03:00","ip":"","ultima_edicao":null,"tipo":3,"regime_tramitacao":1,"tipo_origem_externa":null,"local_origem_externa":null,"user":null,"anexadas":[],"autores":[70]}