{"id":6173,"__str__":"Requerimento n\u00ba 10 de 2012","link_detail_backend":"/materia/6173","metadata":{},"numero":10,"ano":2012,"numero_protocolo":null,"data_apresentacao":"2012-02-14","tipo_apresentacao":"","data_publicacao":null,"numero_origem_externa":"","ano_origem_externa":null,"data_origem_externa":null,"apelido":"","dias_prazo":null,"data_fim_prazo":null,"em_tramitacao":false,"polemica":null,"objeto":"","complementar":null,"ementa":"ENCAMINHA MO\u00c7\u00c3O DE CONGRATULA\u00c7\u00d5ES E RECONHECIMENTO AO PARTIDO DOS TRABALHADORES/ARAX\u00c1 -PT, PELA REUNIAO COMEMORATIVA ALUSIVA AOS 32 ANOS DE FUNDA\u00c7\u00c3O DO PARTIDO, REALIZADA NO \u00daLTIMO DIA 10/02/2012 NO PR\u00c9DIO DA ANTIGA SEDE DA C\u00c2MARA DE ARAX\u00c1.","indexacao":"ENCAMINHA MO\u00c7\u00c3O DE CONGRATULA\u00c7\u00d5ES E RECONHECIMENTO AO PARTIDO DOS TRABALHADORES/ARAX\u00c1 -PT, PELA REUNIAO COMEMORATIVA ALUSIVA AOS 32 ANOS DE FUNDA\u00c7\u00c3O DO PARTIDO, REALIZADA NO \u00daLTIMO DIA 10/02/2012 NO PR\u00c9DIO DA ANTIGA SEDE DA C\u00c2MARA DE ARAX\u00c1.","observacao":"of\u00edcio n\u00ba 23/2012","resultado":" ","texto_original":null,"data_ultima_atualizacao":"2018-10-05T13:36:42.879956-03:00","ip":"","ultima_edicao":null,"tipo":3,"regime_tramitacao":1,"tipo_origem_externa":null,"local_origem_externa":null,"user":null,"anexadas":[],"autores":[76,73,75]}