{"id":6652,"__str__":"Requerimento n\u00ba 332 de 2012","link_detail_backend":"/materia/6652","metadata":{},"numero":332,"ano":2012,"numero_protocolo":null,"data_apresentacao":"2012-07-17","tipo_apresentacao":"","data_publicacao":null,"numero_origem_externa":"","ano_origem_externa":null,"data_origem_externa":null,"apelido":"","dias_prazo":null,"data_fim_prazo":null,"em_tramitacao":false,"polemica":null,"objeto":"","complementar":null,"ementa":"SOLICITA DA SECRETARIA MUNICIPAL DE EDUCA\u00c7\u00c3O MANUTEN\u00c7\u00c3O E REPAROS EL\u00c9TRICOS NA ESCOLA MUNICIPAL FRANCISCO PRIMO DE MELO LOCALIZADA NA \u00c1REA RURAL PR\u00d3XIMO AO BOSQUE DOS IP\u00caS.","indexacao":"SOLICITA DA SECRETARIA MUNICIPAL DE EDUCA\u00c7\u00c3O MANUTEN\u00c7\u00c3O E REPAROS EL\u00c9TRICOS NA ESCOLA MUNICIPAL FRANCISCO PRIMO DE MELO LOCALIZADA NA \u00c1REA RURAL PR\u00d3XIMO AO BOSQUE DOS IP\u00caS.","observacao":"of\u00edcio n\u00ba 326/2012","resultado":" ","texto_original":null,"data_ultima_atualizacao":"2018-10-05T13:36:42.947321-03:00","ip":"","ultima_edicao":null,"tipo":3,"regime_tramitacao":1,"tipo_origem_externa":null,"local_origem_externa":null,"user":null,"anexadas":[],"autores":[]}